{"id":6072,"date":"2026-09-04T08:24:25","date_gmt":"2026-09-04T08:24:25","guid":{"rendered":"https:\/\/afric-eco.com\/?p=6072"},"modified":"2026-09-04T08:24:27","modified_gmt":"2026-09-04T08:24:27","slug":"rentree-scolaire-maitre-denise-fampou-mobilise-pour-56-ecoles-a-douala-2e","status":"publish","type":"post","link":"https:\/\/afric-eco.com\/?p=6072","title":{"rendered":"Rentr\u00e9e scolaire : Ma\u00eetre Denise Fampou mobilise pour 56 \u00e9coles \u00e0 Douala 2e"},"content":{"rendered":"\n<p class=\"wp-block-paragraph\">\u00c0 quelques jours de la rentr\u00e9e scolaire 2026-2027, Ma\u00eetre Denise Fampou acc\u00e9l\u00e8re la mobilisation en faveur de l\u2019\u00e9cole. Jeudi 3 septembre 2026, le maire de Douala 2e a pr\u00e9sid\u00e9 la 17e \u00e9dition de la remise du paquet minimum aux \u00e9coles primaires publiques et confessionnelles de son arrondissement. Au total, 56 \u00e9tablissements ont b\u00e9n\u00e9fici\u00e9 de cette op\u00e9ration destin\u00e9e \u00e0 mieux pr\u00e9parer la reprise des cours.<\/p>\n\n\n\n<p class=\"wp-block-paragraph\">Une action port\u00e9e par le maire. Au stade Fampou David Dagobert de New-Bell, Ma\u00eetre Denise Fampou a r\u00e9affirm\u00e9 son engagement aux c\u00f4t\u00e9s de la communaut\u00e9 \u00e9ducative. \u00c0 travers cette initiative, elle entend contribuer \u00e0 cr\u00e9er un environnement de travail plus favorable aux enseignants et de meilleures conditions d\u2019apprentissage pour les \u00e9l\u00e8ves.<\/p>\n\n\n\n<p class=\"wp-block-paragraph\">Le mat\u00e9riel remis comprend notamment des registres d\u2019appel mensuel 3-en-1, des cahiers de pr\u00e9paration de 400 pages au format A4, des enveloppes A3 et A4, du mat\u00e9riel didactique et p\u00e9dagogique, ainsi que des produits pharmaceutiques. Des outils essentiels au fonctionnement des \u00e9tablissements et \u00e0 l\u2019encadrement des apprenants.<\/p>\n\n\n\n<p class=\"wp-block-paragraph\">17 167 344 FCFA engag\u00e9s. Sur cette enveloppe, 13 779 000 FCFA proviennent des cr\u00e9dits transf\u00e9r\u00e9s par l\u2019\u00c9tat. Pour compl\u00e9ter les besoins identifi\u00e9s, Ma\u00eetre Denise Fampou a fait mobiliser 3 388 344 FCFA sur les fonds propres de l\u2019ex\u00e9cutif municipal. Un effort qui illustre sa volont\u00e9 de ne pas limiter l\u2019action locale aux seules ressources transf\u00e9r\u00e9es.<\/p>\n\n\n\n<p class=\"wp-block-paragraph\">Dans son intervention, le maire a rappel\u00e9 que l\u2019accompagnement des \u00e9coles figure parmi les responsabilit\u00e9s confi\u00e9es aux collectivit\u00e9s territoriales. Mais son message va plus loin : il s\u2019agit, selon elle, de renforcer progressivement les moyens disponibles pour permettre aux \u00e9quipes p\u00e9dagogiques de travailler dans de meilleures conditions.<\/p>\n\n\n\n<p class=\"wp-block-paragraph\">Cette d\u00e9marche a \u00e9t\u00e9 salu\u00e9e par Catherine Massoda, inspecteur d\u2019arrondissement de Douala 2e. Au nom des directeurs et des enseignants, elle a exprim\u00e9 sa gratitude au maire, estimant que le paquet re\u00e7u est \u00ab maximum \u00bb plut\u00f4t que minimum. Elle a \u00e9galement relev\u00e9 l\u2019importance du calendrier, le mat\u00e9riel ayant \u00e9t\u00e9 remis avant la rentr\u00e9e.<\/p>\n\n\n\n<p class=\"wp-block-paragraph\">Le sous-pr\u00e9fet St\u00e9phane Nke Ndjana a salu\u00e9 une initiative d\u00e9sormais inscrite dans la dur\u00e9e et appel\u00e9 les b\u00e9n\u00e9ficiaires \u00e0 faire un usage responsable des ressources re\u00e7ues.<\/p>\n\n\n\n<p class=\"wp-block-paragraph\">Pour Ma\u00eetre Denise Fampou, l\u2019enjeu ne s\u2019arr\u00eate toutefois pas \u00e0 l\u2019\u00e9quipement. Il est aussi question de r\u00e9sultats. Avec pr\u00e8s de 90 % de r\u00e9ussite aux examens officiels l\u2019ann\u00e9e derni\u00e8re, le maire fixe d\u00e9sormais un nouvel objectif : faire mieux en 2026-2027.<\/p>\n\n\n\n<p class=\"wp-block-paragraph\">Mobiliser, accompagner, responsabiliser : Ma\u00eetre Denise Fampou veut ainsi inscrire l\u2019action municipale dans une dynamique durable au service de l\u2019\u00e9ducation \u00e0 Douala 2e.<\/p>\n\n\n\n<p class=\"wp-block-paragraph\">Afric-eco\/Etienne MONTHE<br>Contact m\u00e9dia : WhatsApp (+237)674147515<br>Email : <a href=\"mailto:africeco@yahoo.com\">africeco@yahoo.com<\/a><\/p>\n","protected":false},"excerpt":{"rendered":"<p>\u00c0 quelques jours de la rentr\u00e9e scolaire 2026-2027, Ma\u00eetre Denise Fampou acc\u00e9l\u00e8re la mobilisation en faveur de l\u2019\u00e9cole. Jeudi 3<\/p>\n","protected":false},"author":1,"featured_media":6073,"comment_status":"open","ping_status":"open","sticky":false,"template":"","format":"standard","meta":{"colormag_page_container_layout":"default_layout","colormag_page_sidebar_layout":"default_layout","jetpack_post_was_ever_published":false,"_jetpack_newsletter_access":"","_jetpack_dont_email_post_to_subs":false,"_jetpack_newsletter_tier_id":0,"_jetpack_memberships_contains_paywalled_content":false,"_jetpack_memberships_contains_paid_content":false,"footnotes":"","jetpack_publicize_message":"","jetpack_publicize_feature_enabled":true,"jetpack_social_post_already_shared":true,"jetpack_social_options":{"image_generator_settings":{"template":"highway","default_image_id":0,"font":"","enabled":false},"version":2}},"categories":[18,4],"tags":[],"class_list":["post-6072","post","type-post","status-publish","format-standard","has-post-thumbnail","hentry","category-decentralisation","category-education"],"yoast_head":"<!-- This site is optimized with the Yoast SEO plugin v27.4 - https:\/\/yoast.com\/product\/yoast-seo-wordpress\/ -->\n<title>Rentr\u00e9e scolaire : Ma\u00eetre Denise Fampou mobilise pour 56 \u00e9coles \u00e0 Douala 2e - L&#039;\u00e9conomie en un clic...<\/title>\n<meta name=\"robots\" content=\"index, follow, max-snippet:-1, max-image-preview:large, max-video-preview:-1\" \/>\n<link rel=\"canonical\" href=\"https:\/\/afric-eco.com\/?p=6072\" \/>\n<meta property=\"og:locale\" content=\"fr_FR\" \/>\n<meta property=\"og:type\" content=\"article\" \/>\n<meta property=\"og:title\" content=\"Rentr\u00e9e scolaire : Ma\u00eetre Denise Fampou mobilise pour 56 \u00e9coles \u00e0 Douala 2e - L&#039;\u00e9conomie en un clic...\" \/>\n<meta property=\"og:description\" content=\"\u00c0 quelques jours de la rentr\u00e9e scolaire 2026-2027, Ma\u00eetre Denise Fampou acc\u00e9l\u00e8re la mobilisation en faveur de l\u2019\u00e9cole. Jeudi 3\" \/>\n<meta property=\"og:url\" content=\"https:\/\/afric-eco.com\/?p=6072\" \/>\n<meta property=\"og:site_name\" content=\"L&#039;\u00e9conomie en un clic...\" \/>\n<meta property=\"article:publisher\" content=\"https:\/\/facebook.com\/afric-eco\" \/>\n<meta property=\"article:published_time\" content=\"2026-09-04T08:24:25+00:00\" \/>\n<meta property=\"article:modified_time\" content=\"2026-09-04T08:24:27+00:00\" \/>\n<meta property=\"og:image\" content=\"http:\/\/afric-eco.com\/wp-content\/uploads\/2026\/09\/Screenshot_2026-09-04-09-23-18-48_7352322957d4404136654ef4adb64504.jpg\" \/>\n\t<meta property=\"og:image:width\" content=\"753\" \/>\n\t<meta property=\"og:image:height\" content=\"554\" \/>\n\t<meta property=\"og:image:type\" content=\"image\/jpeg\" \/>\n<meta name=\"author\" content=\"etienne\" \/>\n<meta name=\"twitter:card\" content=\"summary_large_image\" \/>\n<meta name=\"twitter:label1\" content=\"\u00c9crit par\" \/>\n\t<meta name=\"twitter:data1\" content=\"etienne\" \/>\n\t<meta name=\"twitter:label2\" content=\"Dur\u00e9e de lecture estim\u00e9e\" \/>\n\t<meta name=\"twitter:data2\" content=\"3 minutes\" \/>\n<script type=\"application\/ld+json\" class=\"yoast-schema-graph\">{\"@context\":\"https:\\\/\\\/schema.org\",\"@graph\":[{\"@type\":\"Article\",\"@id\":\"https:\\\/\\\/afric-eco.com\\\/?p=6072#article\",\"isPartOf\":{\"@id\":\"https:\\\/\\\/afric-eco.com\\\/?p=6072\"},\"author\":{\"name\":\"etienne\",\"@id\":\"https:\\\/\\\/afric-eco.com\\\/#\\\/schema\\\/person\\\/a090b66d49948c966b9a3aa2b6b7656f\"},\"headline\":\"Rentr\u00e9e scolaire : Ma\u00eetre Denise Fampou mobilise pour 56 \u00e9coles \u00e0 Douala 2e\",\"datePublished\":\"2026-09-04T08:24:25+00:00\",\"dateModified\":\"2026-09-04T08:24:27+00:00\",\"mainEntityOfPage\":{\"@id\":\"https:\\\/\\\/afric-eco.com\\\/?p=6072\"},\"wordCount\":477,\"commentCount\":0,\"publisher\":{\"@id\":\"https:\\\/\\\/afric-eco.com\\\/#organization\"},\"image\":{\"@id\":\"https:\\\/\\\/afric-eco.com\\\/?p=6072#primaryimage\"},\"thumbnailUrl\":\"https:\\\/\\\/i0.wp.com\\\/afric-eco.com\\\/wp-content\\\/uploads\\\/2026\\\/09\\\/Screenshot_2026-09-04-09-23-18-48_7352322957d4404136654ef4adb64504.jpg?fit=753%2C554&ssl=1\",\"articleSection\":[\"D\u00e9centralisation\",\"Education\"],\"inLanguage\":\"fr-FR\",\"potentialAction\":[{\"@type\":\"CommentAction\",\"name\":\"Comment\",\"target\":[\"https:\\\/\\\/afric-eco.com\\\/?p=6072#respond\"]}]},{\"@type\":\"WebPage\",\"@id\":\"https:\\\/\\\/afric-eco.com\\\/?p=6072\",\"url\":\"https:\\\/\\\/afric-eco.com\\\/?p=6072\",\"name\":\"Rentr\u00e9e scolaire : Ma\u00eetre Denise Fampou mobilise pour 56 \u00e9coles \u00e0 Douala 2e - L&#039;\u00e9conomie en un clic...\",\"isPartOf\":{\"@id\":\"https:\\\/\\\/afric-eco.com\\\/#website\"},\"primaryImageOfPage\":{\"@id\":\"https:\\\/\\\/afric-eco.com\\\/?p=6072#primaryimage\"},\"image\":{\"@id\":\"https:\\\/\\\/afric-eco.com\\\/?p=6072#primaryimage\"},\"thumbnailUrl\":\"https:\\\/\\\/i0.wp.com\\\/afric-eco.com\\\/wp-content\\\/uploads\\\/2026\\\/09\\\/Screenshot_2026-09-04-09-23-18-48_7352322957d4404136654ef4adb64504.jpg?fit=753%2C554&ssl=1\",\"datePublished\":\"2026-09-04T08:24:25+00:00\",\"dateModified\":\"2026-09-04T08:24:27+00:00\",\"breadcrumb\":{\"@id\":\"https:\\\/\\\/afric-eco.com\\\/?p=6072#breadcrumb\"},\"inLanguage\":\"fr-FR\",\"potentialAction\":[{\"@type\":\"ReadAction\",\"target\":[\"https:\\\/\\\/afric-eco.com\\\/?p=6072\"]}]},{\"@type\":\"ImageObject\",\"inLanguage\":\"fr-FR\",\"@id\":\"https:\\\/\\\/afric-eco.com\\\/?p=6072#primaryimage\",\"url\":\"https:\\\/\\\/i0.wp.com\\\/afric-eco.com\\\/wp-content\\\/uploads\\\/2026\\\/09\\\/Screenshot_2026-09-04-09-23-18-48_7352322957d4404136654ef4adb64504.jpg?fit=753%2C554&ssl=1\",\"contentUrl\":\"https:\\\/\\\/i0.wp.com\\\/afric-eco.com\\\/wp-content\\\/uploads\\\/2026\\\/09\\\/Screenshot_2026-09-04-09-23-18-48_7352322957d4404136654ef4adb64504.jpg?fit=753%2C554&ssl=1\",\"width\":753,\"height\":554},{\"@type\":\"BreadcrumbList\",\"@id\":\"https:\\\/\\\/afric-eco.com\\\/?p=6072#breadcrumb\",\"itemListElement\":[{\"@type\":\"ListItem\",\"position\":1,\"name\":\"Accueil\",\"item\":\"https:\\\/\\\/afric-eco.com\\\/\"},{\"@type\":\"ListItem\",\"position\":2,\"name\":\"Rentr\u00e9e scolaire : Ma\u00eetre Denise Fampou mobilise pour 56 \u00e9coles \u00e0 Douala 2e\"}]},{\"@type\":\"WebSite\",\"@id\":\"https:\\\/\\\/afric-eco.com\\\/#website\",\"url\":\"https:\\\/\\\/afric-eco.com\\\/\",\"name\":\"L'\u00e9conomie en un clic...\",\"description\":\"\",\"publisher\":{\"@id\":\"https:\\\/\\\/afric-eco.com\\\/#organization\"},\"alternateName\":\"Afric-eco\",\"potentialAction\":[{\"@type\":\"SearchAction\",\"target\":{\"@type\":\"EntryPoint\",\"urlTemplate\":\"https:\\\/\\\/afric-eco.com\\\/?s={search_term_string}\"},\"query-input\":{\"@type\":\"PropertyValueSpecification\",\"valueRequired\":true,\"valueName\":\"search_term_string\"}}],\"inLanguage\":\"fr-FR\"},{\"@type\":\"Organization\",\"@id\":\"https:\\\/\\\/afric-eco.com\\\/#organization\",\"name\":\"L'\u00e9conomie en un clic...\",\"url\":\"https:\\\/\\\/afric-eco.com\\\/\",\"logo\":{\"@type\":\"ImageObject\",\"inLanguage\":\"fr-FR\",\"@id\":\"https:\\\/\\\/afric-eco.com\\\/#\\\/schema\\\/logo\\\/image\\\/\",\"url\":\"https:\\\/\\\/i0.wp.com\\\/afric-eco.com\\\/wp-content\\\/uploads\\\/2024\\\/04\\\/cropped-download-12.jpg?fit=208%2C208&ssl=1\",\"contentUrl\":\"https:\\\/\\\/i0.wp.com\\\/afric-eco.com\\\/wp-content\\\/uploads\\\/2024\\\/04\\\/cropped-download-12.jpg?fit=208%2C208&ssl=1\",\"width\":208,\"height\":208,\"caption\":\"L'\u00e9conomie en un clic...\"},\"image\":{\"@id\":\"https:\\\/\\\/afric-eco.com\\\/#\\\/schema\\\/logo\\\/image\\\/\"},\"sameAs\":[\"https:\\\/\\\/facebook.com\\\/afric-eco\"]},{\"@type\":\"Person\",\"@id\":\"https:\\\/\\\/afric-eco.com\\\/#\\\/schema\\\/person\\\/a090b66d49948c966b9a3aa2b6b7656f\",\"name\":\"etienne\",\"image\":{\"@type\":\"ImageObject\",\"inLanguage\":\"fr-FR\",\"@id\":\"https:\\\/\\\/secure.gravatar.com\\\/avatar\\\/19265072a9840f8fa782268b5f05a3fdebea352e18b6604ec10f634dfb76760a?s=96&d=mm&r=g\",\"url\":\"https:\\\/\\\/secure.gravatar.com\\\/avatar\\\/19265072a9840f8fa782268b5f05a3fdebea352e18b6604ec10f634dfb76760a?s=96&d=mm&r=g\",\"contentUrl\":\"https:\\\/\\\/secure.gravatar.com\\\/avatar\\\/19265072a9840f8fa782268b5f05a3fdebea352e18b6604ec10f634dfb76760a?s=96&d=mm&r=g\",\"caption\":\"etienne\"},\"sameAs\":[\"http:\\\/\\\/afric-eco.com\"],\"url\":\"https:\\\/\\\/afric-eco.com\\\/?author=1\"}]}<\/script>\n<!-- \/ Yoast SEO plugin. -->","yoast_head_json":{"title":"Rentr\u00e9e scolaire : Ma\u00eetre Denise Fampou mobilise pour 56 \u00e9coles \u00e0 Douala 2e - L&#039;\u00e9conomie en un clic...","robots":{"index":"index","follow":"follow","max-snippet":"max-snippet:-1","max-image-preview":"max-image-preview:large","max-video-preview":"max-video-preview:-1"},"canonical":"https:\/\/afric-eco.com\/?p=6072","og_locale":"fr_FR","og_type":"article","og_title":"Rentr\u00e9e scolaire : Ma\u00eetre Denise Fampou mobilise pour 56 \u00e9coles \u00e0 Douala 2e - L&#039;\u00e9conomie en un clic...","og_description":"\u00c0 quelques jours de la rentr\u00e9e scolaire 2026-2027, Ma\u00eetre Denise Fampou acc\u00e9l\u00e8re la mobilisation en faveur de l\u2019\u00e9cole. Jeudi 3","og_url":"https:\/\/afric-eco.com\/?p=6072","og_site_name":"L&#039;\u00e9conomie en un clic...","article_publisher":"https:\/\/facebook.com\/afric-eco","article_published_time":"2026-09-04T08:24:25+00:00","article_modified_time":"2026-09-04T08:24:27+00:00","og_image":[{"width":753,"height":554,"url":"http:\/\/afric-eco.com\/wp-content\/uploads\/2026\/09\/Screenshot_2026-09-04-09-23-18-48_7352322957d4404136654ef4adb64504.jpg","type":"image\/jpeg"}],"author":"etienne","twitter_card":"summary_large_image","twitter_misc":{"\u00c9crit par":"etienne","Dur\u00e9e de lecture estim\u00e9e":"3 minutes"},"schema":{"@context":"https:\/\/schema.org","@graph":[{"@type":"Article","@id":"https:\/\/afric-eco.com\/?p=6072#article","isPartOf":{"@id":"https:\/\/afric-eco.com\/?p=6072"},"author":{"name":"etienne","@id":"https:\/\/afric-eco.com\/#\/schema\/person\/a090b66d49948c966b9a3aa2b6b7656f"},"headline":"Rentr\u00e9e scolaire : Ma\u00eetre Denise Fampou mobilise pour 56 \u00e9coles \u00e0 Douala 2e","datePublished":"2026-09-04T08:24:25+00:00","dateModified":"2026-09-04T08:24:27+00:00","mainEntityOfPage":{"@id":"https:\/\/afric-eco.com\/?p=6072"},"wordCount":477,"commentCount":0,"publisher":{"@id":"https:\/\/afric-eco.com\/#organization"},"image":{"@id":"https:\/\/afric-eco.com\/?p=6072#primaryimage"},"thumbnailUrl":"https:\/\/i0.wp.com\/afric-eco.com\/wp-content\/uploads\/2026\/09\/Screenshot_2026-09-04-09-23-18-48_7352322957d4404136654ef4adb64504.jpg?fit=753%2C554&ssl=1","articleSection":["D\u00e9centralisation","Education"],"inLanguage":"fr-FR","potentialAction":[{"@type":"CommentAction","name":"Comment","target":["https:\/\/afric-eco.com\/?p=6072#respond"]}]},{"@type":"WebPage","@id":"https:\/\/afric-eco.com\/?p=6072","url":"https:\/\/afric-eco.com\/?p=6072","name":"Rentr\u00e9e scolaire : Ma\u00eetre Denise Fampou mobilise pour 56 \u00e9coles \u00e0 Douala 2e - L&#039;\u00e9conomie en un clic...","isPartOf":{"@id":"https:\/\/afric-eco.com\/#website"},"primaryImageOfPage":{"@id":"https:\/\/afric-eco.com\/?p=6072#primaryimage"},"image":{"@id":"https:\/\/afric-eco.com\/?p=6072#primaryimage"},"thumbnailUrl":"https:\/\/i0.wp.com\/afric-eco.com\/wp-content\/uploads\/2026\/09\/Screenshot_2026-09-04-09-23-18-48_7352322957d4404136654ef4adb64504.jpg?fit=753%2C554&ssl=1","datePublished":"2026-09-04T08:24:25+00:00","dateModified":"2026-09-04T08:24:27+00:00","breadcrumb":{"@id":"https:\/\/afric-eco.com\/?p=6072#breadcrumb"},"inLanguage":"fr-FR","potentialAction":[{"@type":"ReadAction","target":["https:\/\/afric-eco.com\/?p=6072"]}]},{"@type":"ImageObject","inLanguage":"fr-FR","@id":"https:\/\/afric-eco.com\/?p=6072#primaryimage","url":"https:\/\/i0.wp.com\/afric-eco.com\/wp-content\/uploads\/2026\/09\/Screenshot_2026-09-04-09-23-18-48_7352322957d4404136654ef4adb64504.jpg?fit=753%2C554&ssl=1","contentUrl":"https:\/\/i0.wp.com\/afric-eco.com\/wp-content\/uploads\/2026\/09\/Screenshot_2026-09-04-09-23-18-48_7352322957d4404136654ef4adb64504.jpg?fit=753%2C554&ssl=1","width":753,"height":554},{"@type":"BreadcrumbList","@id":"https:\/\/afric-eco.com\/?p=6072#breadcrumb","itemListElement":[{"@type":"ListItem","position":1,"name":"Accueil","item":"https:\/\/afric-eco.com\/"},{"@type":"ListItem","position":2,"name":"Rentr\u00e9e scolaire : Ma\u00eetre Denise Fampou mobilise pour 56 \u00e9coles \u00e0 Douala 2e"}]},{"@type":"WebSite","@id":"https:\/\/afric-eco.com\/#website","url":"https:\/\/afric-eco.com\/","name":"L'\u00e9conomie en un clic...","description":"","publisher":{"@id":"https:\/\/afric-eco.com\/#organization"},"alternateName":"Afric-eco","potentialAction":[{"@type":"SearchAction","target":{"@type":"EntryPoint","urlTemplate":"https:\/\/afric-eco.com\/?s={search_term_string}"},"query-input":{"@type":"PropertyValueSpecification","valueRequired":true,"valueName":"search_term_string"}}],"inLanguage":"fr-FR"},{"@type":"Organization","@id":"https:\/\/afric-eco.com\/#organization","name":"L'\u00e9conomie en un clic...","url":"https:\/\/afric-eco.com\/","logo":{"@type":"ImageObject","inLanguage":"fr-FR","@id":"https:\/\/afric-eco.com\/#\/schema\/logo\/image\/","url":"https:\/\/i0.wp.com\/afric-eco.com\/wp-content\/uploads\/2024\/04\/cropped-download-12.jpg?fit=208%2C208&ssl=1","contentUrl":"https:\/\/i0.wp.com\/afric-eco.com\/wp-content\/uploads\/2024\/04\/cropped-download-12.jpg?fit=208%2C208&ssl=1","width":208,"height":208,"caption":"L'\u00e9conomie en un clic..."},"image":{"@id":"https:\/\/afric-eco.com\/#\/schema\/logo\/image\/"},"sameAs":["https:\/\/facebook.com\/afric-eco"]},{"@type":"Person","@id":"https:\/\/afric-eco.com\/#\/schema\/person\/a090b66d49948c966b9a3aa2b6b7656f","name":"etienne","image":{"@type":"ImageObject","inLanguage":"fr-FR","@id":"https:\/\/secure.gravatar.com\/avatar\/19265072a9840f8fa782268b5f05a3fdebea352e18b6604ec10f634dfb76760a?s=96&d=mm&r=g","url":"https:\/\/secure.gravatar.com\/avatar\/19265072a9840f8fa782268b5f05a3fdebea352e18b6604ec10f634dfb76760a?s=96&d=mm&r=g","contentUrl":"https:\/\/secure.gravatar.com\/avatar\/19265072a9840f8fa782268b5f05a3fdebea352e18b6604ec10f634dfb76760a?s=96&d=mm&r=g","caption":"etienne"},"sameAs":["http:\/\/afric-eco.com"],"url":"https:\/\/afric-eco.com\/?author=1"}]}},"jetpack_publicize_connections":[],"jetpack_featured_media_url":"https:\/\/i0.wp.com\/afric-eco.com\/wp-content\/uploads\/2026\/09\/Screenshot_2026-09-04-09-23-18-48_7352322957d4404136654ef4adb64504.jpg?fit=753%2C554&ssl=1","jetpack-related-posts":[{"id":5995,"url":"https:\/\/afric-eco.com\/?p=5995","url_meta":{"origin":6072,"position":0},"title":"Denise FAMPOU sur tous les fronts : \u00e0 Douala IIe, la bataille contre les inondations s\u2019intensifie","author":"etienne","date":"19 ao\u00fbt 2026","format":false,"excerpt":"Sous l\u2019impulsion du maire Me Denise FAMPOU, la Commune d\u2019Arrondissement de Douala IIe renforce son dispositif d\u2019assainissement pour faire face aux fortes pluies. Sur le terrain, les \u00e9quipes municipales multiplient les op\u00e9rations de curage des caniveaux, avec un objectif clair : prot\u00e9ger les populations et pr\u00e9server le cadre de vie.\u2026","rel":"","context":"Dans &quot;Conjoncture&quot;","block_context":{"text":"Conjoncture","link":"https:\/\/afric-eco.com\/?cat=5"},"img":{"alt_text":"","src":"https:\/\/i0.wp.com\/afric-eco.com\/wp-content\/uploads\/2026\/08\/Screenshot_2026-08-19-23-20-56-19_a23b203fd3aafc6dcb84e438dda678b6.jpg?fit=816%2C1200&ssl=1&resize=350%2C200","width":350,"height":200,"srcset":"https:\/\/i0.wp.com\/afric-eco.com\/wp-content\/uploads\/2026\/08\/Screenshot_2026-08-19-23-20-56-19_a23b203fd3aafc6dcb84e438dda678b6.jpg?fit=816%2C1200&ssl=1&resize=350%2C200 1x, https:\/\/i0.wp.com\/afric-eco.com\/wp-content\/uploads\/2026\/08\/Screenshot_2026-08-19-23-20-56-19_a23b203fd3aafc6dcb84e438dda678b6.jpg?fit=816%2C1200&ssl=1&resize=525%2C300 1.5x, https:\/\/i0.wp.com\/afric-eco.com\/wp-content\/uploads\/2026\/08\/Screenshot_2026-08-19-23-20-56-19_a23b203fd3aafc6dcb84e438dda678b6.jpg?fit=816%2C1200&ssl=1&resize=700%2C400 2x"},"classes":[]},{"id":5982,"url":"https:\/\/afric-eco.com\/?p=5982","url_meta":{"origin":6072,"position":1},"title":"DOUALA IILe Tournoi de la Paix entre en jeu : Denise FAMPOU mise sur le football pour prot\u00e9ger pr\u00e8s de 700 jeunes","author":"etienne","date":"7 ao\u00fbt 2026","format":false,"excerpt":"La 16e \u00e9dition du Championnat interquartiers de Douala II \u00ab Tournoi de la Paix \u00bb a \u00e9t\u00e9 officiellement lanc\u00e9e le 6 ao\u00fbt 2026 au Stade municipal FAMPOU David Dagobert de New Bell. Derri\u00e8re la ferveur sportive, la municipalit\u00e9 d\u00e9roule une v\u00e9ritable politique sociale d'encadrement de la jeunesse, destin\u00e9e \u00e0 occuper\u2026","rel":"","context":"Dans &quot;Sant\u00e9&quot;","block_context":{"text":"Sant\u00e9","link":"https:\/\/afric-eco.com\/?cat=15"},"img":{"alt_text":"","src":"https:\/\/i0.wp.com\/afric-eco.com\/wp-content\/uploads\/2026\/08\/Screenshot_2026-08-07-11-06-08-59_e01cfbe9a4b8224f045f4e2060304d84.jpg?fit=1080%2C681&ssl=1&resize=350%2C200","width":350,"height":200,"srcset":"https:\/\/i0.wp.com\/afric-eco.com\/wp-content\/uploads\/2026\/08\/Screenshot_2026-08-07-11-06-08-59_e01cfbe9a4b8224f045f4e2060304d84.jpg?fit=1080%2C681&ssl=1&resize=350%2C200 1x, https:\/\/i0.wp.com\/afric-eco.com\/wp-content\/uploads\/2026\/08\/Screenshot_2026-08-07-11-06-08-59_e01cfbe9a4b8224f045f4e2060304d84.jpg?fit=1080%2C681&ssl=1&resize=525%2C300 1.5x, https:\/\/i0.wp.com\/afric-eco.com\/wp-content\/uploads\/2026\/08\/Screenshot_2026-08-07-11-06-08-59_e01cfbe9a4b8224f045f4e2060304d84.jpg?fit=1080%2C681&ssl=1&resize=700%2C400 2x, https:\/\/i0.wp.com\/afric-eco.com\/wp-content\/uploads\/2026\/08\/Screenshot_2026-08-07-11-06-08-59_e01cfbe9a4b8224f045f4e2060304d84.jpg?fit=1080%2C681&ssl=1&resize=1050%2C600 3x"},"classes":[]},{"id":6049,"url":"https:\/\/afric-eco.com\/?p=6049","url_meta":{"origin":6072,"position":2},"title":"DOUALA II : DENISE FAMPOU, LA FEMME DE PAIX QUI FAIT L\u2019UNANIMIT\u00c9","author":"etienne","date":"31 ao\u00fbt 2026","format":false,"excerpt":"La finale est siffl\u00e9e. Le tournoi s\u2019ach\u00e8ve. Mais, \u00e0 Douala II, c\u2019est un autre sacre qui retient les regards. Me Denise Fampou, maire de l\u2019arrondissement, vient d\u2019\u00eatre d\u00e9sign\u00e9e Femme de paix 2026. Une distinction surprise, d\u00e9cern\u00e9e au terme de la 16\u1d49 \u00e9dition du Tournoi de la paix, dimanche 30 ao\u00fbt\u2026","rel":"","context":"Dans &quot;SPORT&quot;","block_context":{"text":"SPORT","link":"https:\/\/afric-eco.com\/?cat=16"},"img":{"alt_text":"","src":"https:\/\/i0.wp.com\/afric-eco.com\/wp-content\/uploads\/2026\/08\/Screenshot_2026-08-31-03-27-40-29_de8f3fad8229f55b0b17dc7c0e5e807f.jpg?fit=1200%2C825&ssl=1&resize=350%2C200","width":350,"height":200,"srcset":"https:\/\/i0.wp.com\/afric-eco.com\/wp-content\/uploads\/2026\/08\/Screenshot_2026-08-31-03-27-40-29_de8f3fad8229f55b0b17dc7c0e5e807f.jpg?fit=1200%2C825&ssl=1&resize=350%2C200 1x, https:\/\/i0.wp.com\/afric-eco.com\/wp-content\/uploads\/2026\/08\/Screenshot_2026-08-31-03-27-40-29_de8f3fad8229f55b0b17dc7c0e5e807f.jpg?fit=1200%2C825&ssl=1&resize=525%2C300 1.5x, https:\/\/i0.wp.com\/afric-eco.com\/wp-content\/uploads\/2026\/08\/Screenshot_2026-08-31-03-27-40-29_de8f3fad8229f55b0b17dc7c0e5e807f.jpg?fit=1200%2C825&ssl=1&resize=700%2C400 2x, https:\/\/i0.wp.com\/afric-eco.com\/wp-content\/uploads\/2026\/08\/Screenshot_2026-08-31-03-27-40-29_de8f3fad8229f55b0b17dc7c0e5e807f.jpg?fit=1200%2C825&ssl=1&resize=1050%2C600 3x"},"classes":[]},{"id":5979,"url":"https:\/\/afric-eco.com\/?p=5979","url_meta":{"origin":6072,"position":3},"title":"Douala IILe Tournoi de la Paix, un pari renouvel\u00e9 sur la coh\u00e9sion sociale","author":"etienne","date":"6 ao\u00fbt 2026","format":false,"excerpt":"La 16\u1d49 \u00e9dition de cette comp\u00e9tition d\u00e9di\u00e9e aux enfants s'ouvre ce jeudi 6 ao\u00fbt \u00e0 Douala II. Pour Denise Fampou, le football demeure un levier privil\u00e9gi\u00e9 de promotion de la paix et du vivre-ensemble. \u00c0 Douala II, le ballon rond sera une fois de plus au service de la coh\u00e9sion\u2026","rel":"","context":"Dans &quot;SPORT&quot;","block_context":{"text":"SPORT","link":"https:\/\/afric-eco.com\/?cat=16"},"img":{"alt_text":"","src":"https:\/\/i0.wp.com\/afric-eco.com\/wp-content\/uploads\/2026\/08\/Screenshot_2026-08-06-13-53-41-73_7352322957d4404136654ef4adb64504.jpg?fit=1080%2C863&ssl=1&resize=350%2C200","width":350,"height":200,"srcset":"https:\/\/i0.wp.com\/afric-eco.com\/wp-content\/uploads\/2026\/08\/Screenshot_2026-08-06-13-53-41-73_7352322957d4404136654ef4adb64504.jpg?fit=1080%2C863&ssl=1&resize=350%2C200 1x, https:\/\/i0.wp.com\/afric-eco.com\/wp-content\/uploads\/2026\/08\/Screenshot_2026-08-06-13-53-41-73_7352322957d4404136654ef4adb64504.jpg?fit=1080%2C863&ssl=1&resize=525%2C300 1.5x, https:\/\/i0.wp.com\/afric-eco.com\/wp-content\/uploads\/2026\/08\/Screenshot_2026-08-06-13-53-41-73_7352322957d4404136654ef4adb64504.jpg?fit=1080%2C863&ssl=1&resize=700%2C400 2x, https:\/\/i0.wp.com\/afric-eco.com\/wp-content\/uploads\/2026\/08\/Screenshot_2026-08-06-13-53-41-73_7352322957d4404136654ef4adb64504.jpg?fit=1080%2C863&ssl=1&resize=1050%2C600 3x"},"classes":[]},{"id":5998,"url":"https:\/\/afric-eco.com\/?p=5998","url_meta":{"origin":6072,"position":4},"title":"Douala 2e : Roger Mbassa Ndin\u00e8 sur le terrain des r\u00e9sultats","author":"etienne","date":"19 ao\u00fbt 2026","format":false,"excerpt":"Reddition des comptes, proximit\u00e9 et dialogue. Le Maire de la Ville de Douala, Dr Roger Mbassa Ndin\u00e8, \u00e9tait face aux \u00e9lus de Douala 2e, lundi 17 ao\u00fbt 2026, pour pr\u00e9senter le bilan de l\u2019action de l\u2019Ex\u00e9cutif communautaire. Une rencontre qui a permis de mesurer le chemin parcouru et de fixer\u2026","rel":"","context":"Dans &quot;D\u00e9centralisation&quot;","block_context":{"text":"D\u00e9centralisation","link":"https:\/\/afric-eco.com\/?cat=18"},"img":{"alt_text":"","src":"https:\/\/i0.wp.com\/afric-eco.com\/wp-content\/uploads\/2026\/08\/Screenshot_2026-08-19-23-38-34-69_a23b203fd3aafc6dcb84e438dda678b6.jpg?fit=1080%2C730&ssl=1&resize=350%2C200","width":350,"height":200,"srcset":"https:\/\/i0.wp.com\/afric-eco.com\/wp-content\/uploads\/2026\/08\/Screenshot_2026-08-19-23-38-34-69_a23b203fd3aafc6dcb84e438dda678b6.jpg?fit=1080%2C730&ssl=1&resize=350%2C200 1x, https:\/\/i0.wp.com\/afric-eco.com\/wp-content\/uploads\/2026\/08\/Screenshot_2026-08-19-23-38-34-69_a23b203fd3aafc6dcb84e438dda678b6.jpg?fit=1080%2C730&ssl=1&resize=525%2C300 1.5x, https:\/\/i0.wp.com\/afric-eco.com\/wp-content\/uploads\/2026\/08\/Screenshot_2026-08-19-23-38-34-69_a23b203fd3aafc6dcb84e438dda678b6.jpg?fit=1080%2C730&ssl=1&resize=700%2C400 2x, https:\/\/i0.wp.com\/afric-eco.com\/wp-content\/uploads\/2026\/08\/Screenshot_2026-08-19-23-38-34-69_a23b203fd3aafc6dcb84e438dda678b6.jpg?fit=1080%2C730&ssl=1&resize=1050%2C600 3x"},"classes":[]},{"id":3690,"url":"https:\/\/afric-eco.com\/?p=3690","url_meta":{"origin":6072,"position":5},"title":"New-Bell Awards : Les r\u00eaves bris\u00e9s de Luc Perry Wandji","author":"etienne","date":"18 septembre 2024","format":false,"excerpt":"La deuxi\u00e8me \u00e9dition des New-Bell Awards, pr\u00e9vue en 2024, est compromise suite au non-versement d'une subvention promise par la mairie de Douala 2. Luc Perry Wandji, organisateur de l'\u00e9v\u00e9nement, d\u00e9nonce publiquement le manquement de Me Denise Fampou, maire de la commune. Selon M. Wandji, une subvention de 3 millions FCFA\u2026","rel":"","context":"Dans &quot;Conjoncture&quot;","block_context":{"text":"Conjoncture","link":"https:\/\/afric-eco.com\/?cat=5"},"img":{"alt_text":"","src":"https:\/\/i0.wp.com\/afric-eco.com\/wp-content\/uploads\/2024\/09\/Screenshot_2024-09-18-18-49-42-74_72b74d79c4b39603a73c39216cc6c590.jpg?fit=1049%2C768&ssl=1&resize=350%2C200","width":350,"height":200,"srcset":"https:\/\/i0.wp.com\/afric-eco.com\/wp-content\/uploads\/2024\/09\/Screenshot_2024-09-18-18-49-42-74_72b74d79c4b39603a73c39216cc6c590.jpg?fit=1049%2C768&ssl=1&resize=350%2C200 1x, https:\/\/i0.wp.com\/afric-eco.com\/wp-content\/uploads\/2024\/09\/Screenshot_2024-09-18-18-49-42-74_72b74d79c4b39603a73c39216cc6c590.jpg?fit=1049%2C768&ssl=1&resize=525%2C300 1.5x, https:\/\/i0.wp.com\/afric-eco.com\/wp-content\/uploads\/2024\/09\/Screenshot_2024-09-18-18-49-42-74_72b74d79c4b39603a73c39216cc6c590.jpg?fit=1049%2C768&ssl=1&resize=700%2C400 2x"},"classes":[]}],"jetpack_sharing_enabled":true,"_links":{"self":[{"href":"https:\/\/afric-eco.com\/index.php?rest_route=\/wp\/v2\/posts\/6072","targetHints":{"allow":["GET"]}}],"collection":[{"href":"https:\/\/afric-eco.com\/index.php?rest_route=\/wp\/v2\/posts"}],"about":[{"href":"https:\/\/afric-eco.com\/index.php?rest_route=\/wp\/v2\/types\/post"}],"author":[{"embeddable":true,"href":"https:\/\/afric-eco.com\/index.php?rest_route=\/wp\/v2\/users\/1"}],"replies":[{"embeddable":true,"href":"https:\/\/afric-eco.com\/index.php?rest_route=%2Fwp%2Fv2%2Fcomments&post=6072"}],"version-history":[{"count":1,"href":"https:\/\/afric-eco.com\/index.php?rest_route=\/wp\/v2\/posts\/6072\/revisions"}],"predecessor-version":[{"id":6074,"href":"https:\/\/afric-eco.com\/index.php?rest_route=\/wp\/v2\/posts\/6072\/revisions\/6074"}],"wp:featuredmedia":[{"embeddable":true,"href":"https:\/\/afric-eco.com\/index.php?rest_route=\/wp\/v2\/media\/6073"}],"wp:attachment":[{"href":"https:\/\/afric-eco.com\/index.php?rest_route=%2Fwp%2Fv2%2Fmedia&parent=6072"}],"wp:term":[{"taxonomy":"category","embeddable":true,"href":"https:\/\/afric-eco.com\/index.php?rest_route=%2Fwp%2Fv2%2Fcategories&post=6072"},{"taxonomy":"post_tag","embeddable":true,"href":"https:\/\/afric-eco.com\/index.php?rest_route=%2Fwp%2Fv2%2Ftags&post=6072"}],"curies":[{"name":"wp","href":"https:\/\/api.w.org\/{rel}","templated":true}]}}