{"id":6054,"date":"2026-09-01T08:28:39","date_gmt":"2026-09-01T08:28:39","guid":{"rendered":"https:\/\/afric-eco.com\/?p=6054"},"modified":"2026-09-01T08:28:41","modified_gmt":"2026-09-01T08:28:41","slug":"centrafrique-le-cameroun-ne-peut-plus-etre-la-seule-porte-du-numerique","status":"publish","type":"post","link":"https:\/\/afric-eco.com\/?p=6054","title":{"rendered":"Centrafrique : le Cameroun ne peut plus \u00eatre la seule porte du num\u00e9rique"},"content":{"rendered":"\n<p class=\"wp-block-paragraph\">Une coupure de fibre au Cameroun a suffi \u00e0 ralentir Internet en Centrafrique. L\u2019incident remet sous les projecteurs une vuln\u00e9rabilit\u00e9 strat\u00e9gique : pour acc\u00e9der au reste du monde, Bangui d\u00e9pend largement des infrastructures de son voisin occidental. Alors que les \u00e9conomies africaines acc\u00e9l\u00e8rent leur transformation num\u00e9rique, la Centrafrique cherche d\u00e9sormais une deuxi\u00e8me, voire une troisi\u00e8me porte de sortie.<\/p>\n\n\n\n<p class=\"wp-block-paragraph\">Un c\u00e2ble qui tombe au Cameroun, et c\u2019est la Centrafrique qui vacille. La panne survenue la semaine derni\u00e8re a une nouvelle fois expos\u00e9 la fragilit\u00e9 du dispositif num\u00e9rique centrafricain. Selon le minist\u00e8re de l\u2019\u00c9conomie num\u00e9rique, la coupure de fibre au Cameroun a perturb\u00e9 la connexion Internet dans le pays.<\/p>\n\n\n\n<p class=\"wp-block-paragraph\">Derri\u00e8re l\u2019incident technique se cache un probl\u00e8me beaucoup plus strat\u00e9gique. La Centrafrique utilise principalement le Cameroun comme passerelle vers les c\u00e2bles sous-marins internationaux, gr\u00e2ce au Central Africa Backbone (CAB). Une infrastructure qui a permis de d\u00e9senclaver num\u00e9riquement Bangui, mais qui cr\u00e9e aussi une forte concentration du risque.<\/p>\n\n\n\n<p class=\"wp-block-paragraph\">Un incident au Cameroun peut donc devenir un probl\u00e8me \u00e9conomique \u00e0 Bangui.<\/p>\n\n\n\n<p class=\"wp-block-paragraph\">Entreprises, banques, administrations, op\u00e9rateurs t\u00e9l\u00e9coms et services num\u00e9riques sont directement expos\u00e9s aux interruptions. \u00c0 cela s\u2019ajoute un risque commercial. Une interconnexion internationale d\u00e9pend aussi de contrats, de paiements et de relations entre op\u00e9rateurs.<\/p>\n\n\n\n<p class=\"wp-block-paragraph\">Le pr\u00e9c\u00e9dent tchadien est parlant. En mai 2025, Camtel avait suspendu la transmission Internet vers le Tchad sur fond d\u2019impay\u00e9s de Sotel. Il avait fallu l\u2019intervention des autorit\u00e9s pour r\u00e9tablir la connexion. Pour les pays enclav\u00e9s, la d\u00e9pendance num\u00e9rique peut ainsi rapidement devenir une d\u00e9pendance strat\u00e9gique.<\/p>\n\n\n\n<p class=\"wp-block-paragraph\">Le Congo en ligne de mire<\/p>\n\n\n\n<p class=\"wp-block-paragraph\">Bangui dispose toutefois d\u2019une carte \u00e0 jouer : le Congo-Brazzaville. Le projet CAB pr\u00e9voit une interconnexion avec ce voisin du sud-ouest, lui-m\u00eame connect\u00e9 \u00e0 plusieurs c\u00e2bles sous-marins, dont WACS et 2Africa.<\/p>\n\n\n\n<p class=\"wp-block-paragraph\">Le chantier du tron\u00e7on Owando-Ouesso est particuli\u00e8rement surveill\u00e9. Une fois achev\u00e9, il doit constituer, selon Gauthier Guezewane Gbow\u00e9, charg\u00e9 de mission au minist\u00e8re centrafricain de l\u2019\u00c9conomie num\u00e9rique, une \u00ab seconde porte \u00bb vers la Centrafrique.<\/p>\n\n\n\n<p class=\"wp-block-paragraph\">Encore faut-il que cette porte soit r\u00e9ellement ouverte. La gestion de la fibre entre Congo Telecom et Silicone Connect devra notamment permettre de garantir des tarifs comp\u00e9titifs, une interconnexion efficace avec Bangui et surtout une continuit\u00e9 de service.<\/p>\n\n\n\n<p class=\"wp-block-paragraph\">Cap sur l\u2019Est<\/p>\n\n\n\n<p class=\"wp-block-paragraph\">L\u2019autre piste se dessine \u00e0 l\u2019est. Les autorit\u00e9s centrafricaines \u00e9voquent un possible \u00ab basculement vers l\u2019Est \u00bb. Le rapprochement avec le Soudan du Sud pourrait donner corps \u00e0 cette strat\u00e9gie. Un projet annonc\u00e9 en mai 2026 pr\u00e9voit l\u2019implication de l\u2019Agence centrafricaine de d\u00e9veloppement du digital et de MTN.<\/p>\n\n\n\n<p class=\"wp-block-paragraph\">L\u2019objectif serait de cr\u00e9er progressivement un corridor alternatif vers l\u2019Afrique de l\u2019Est. Une perspective qui pourrait ouvrir la voie aux infrastructures du Kenya, l\u2019un des principaux hubs num\u00e9riques du continent, connect\u00e9 notamment \u00e0 2Africa, SEACOM, EASSy, TEAMS et PEACE.<\/p>\n\n\n\n<p class=\"wp-block-paragraph\">D\u2019autres routes existent sur le papier : le Soudan vers la mer Rouge, l\u2019\u00c9gypte vers l\u2019Europe et l\u2019Asie, la RDC vers le sud, ou encore le Nigeria vers l\u2019Atlantique. Mais distance, co\u00fbt des infrastructures terrestres, s\u00e9curit\u00e9, faisabilit\u00e9 technique et accords commerciaux d\u00e9termineront leur viabilit\u00e9.<\/p>\n\n\n\n<p class=\"wp-block-paragraph\">Pour Bangui, le calcul est d\u00e9sormais simple : ne plus d\u00e9pendre d\u2019une seule porte pour acc\u00e9der au monde. Car dans une \u00e9conomie o\u00f9 le num\u00e9rique devient une infrastructure aussi essentielle que l\u2019\u00e9lectricit\u00e9 ou les routes, diversifier les connexions revient \u00e0 prot\u00e9ger la continuit\u00e9 de l\u2019activit\u00e9 \u00e9conomique. La prochaine bataille de la Centrafrique pourrait donc se jouer non pas dans les c\u00e2bles sous-marins, mais dans les corridors terrestres capables de les relier.<\/p>\n\n\n\n<p class=\"wp-block-paragraph\">Afric-eco\/Etienne MONTHE<br>Contact m\u00e9dia : WhatsApp (+237)674147515<br>Email : <a href=\"mailto:africeco@yahoo.com\">africeco@yahoo.com<\/a><\/p>\n\n\n\n<p class=\"wp-block-paragraph\"><\/p>\n","protected":false},"excerpt":{"rendered":"<p>Une coupure de fibre au Cameroun a suffi \u00e0 ralentir Internet en Centrafrique. L\u2019incident remet sous les projecteurs une vuln\u00e9rabilit\u00e9<\/p>\n","protected":false},"author":1,"featured_media":6055,"comment_status":"open","ping_status":"open","sticky":false,"template":"","format":"standard","meta":{"colormag_page_container_layout":"default_layout","colormag_page_sidebar_layout":"default_layout","jetpack_post_was_ever_published":false,"_jetpack_newsletter_access":"","_jetpack_dont_email_post_to_subs":false,"_jetpack_newsletter_tier_id":0,"_jetpack_memberships_contains_paywalled_content":false,"_jetpack_memberships_contains_paid_content":false,"footnotes":"","jetpack_publicize_message":"","jetpack_publicize_feature_enabled":true,"jetpack_social_post_already_shared":true,"jetpack_social_options":{"image_generator_settings":{"template":"highway","default_image_id":0,"font":"","enabled":false},"version":2}},"categories":[8,2],"tags":[],"class_list":["post-6054","post","type-post","status-publish","format-standard","has-post-thumbnail","hentry","category-cemac","category-economie"],"yoast_head":"<!-- This site is optimized with the Yoast SEO plugin v27.4 - https:\/\/yoast.com\/product\/yoast-seo-wordpress\/ -->\n<title>Centrafrique : le Cameroun ne peut plus \u00eatre la seule porte du num\u00e9rique - L&#039;\u00e9conomie en un clic...<\/title>\n<meta name=\"robots\" content=\"index, follow, max-snippet:-1, max-image-preview:large, max-video-preview:-1\" \/>\n<link rel=\"canonical\" href=\"https:\/\/afric-eco.com\/?p=6054\" \/>\n<meta property=\"og:locale\" content=\"fr_FR\" \/>\n<meta property=\"og:type\" content=\"article\" \/>\n<meta property=\"og:title\" content=\"Centrafrique : le Cameroun ne peut plus \u00eatre la seule porte du num\u00e9rique - L&#039;\u00e9conomie en un clic...\" \/>\n<meta property=\"og:description\" content=\"Une coupure de fibre au Cameroun a suffi \u00e0 ralentir Internet en Centrafrique. L\u2019incident remet sous les projecteurs une vuln\u00e9rabilit\u00e9\" \/>\n<meta property=\"og:url\" content=\"https:\/\/afric-eco.com\/?p=6054\" \/>\n<meta property=\"og:site_name\" content=\"L&#039;\u00e9conomie en un clic...\" \/>\n<meta property=\"article:publisher\" content=\"https:\/\/facebook.com\/afric-eco\" \/>\n<meta property=\"article:published_time\" content=\"2026-09-01T08:28:39+00:00\" \/>\n<meta property=\"article:modified_time\" content=\"2026-09-01T08:28:41+00:00\" \/>\n<meta property=\"og:image\" content=\"http:\/\/afric-eco.com\/wp-content\/uploads\/2026\/09\/images.jpg\" \/>\n\t<meta property=\"og:image:width\" content=\"553\" \/>\n\t<meta property=\"og:image:height\" content=\"361\" \/>\n\t<meta property=\"og:image:type\" content=\"image\/jpeg\" \/>\n<meta name=\"author\" content=\"etienne\" \/>\n<meta name=\"twitter:card\" content=\"summary_large_image\" \/>\n<meta name=\"twitter:label1\" content=\"\u00c9crit par\" \/>\n\t<meta name=\"twitter:data1\" content=\"etienne\" \/>\n\t<meta name=\"twitter:label2\" content=\"Dur\u00e9e de lecture estim\u00e9e\" \/>\n\t<meta name=\"twitter:data2\" content=\"4 minutes\" \/>\n<script type=\"application\/ld+json\" class=\"yoast-schema-graph\">{\"@context\":\"https:\\\/\\\/schema.org\",\"@graph\":[{\"@type\":\"Article\",\"@id\":\"https:\\\/\\\/afric-eco.com\\\/?p=6054#article\",\"isPartOf\":{\"@id\":\"https:\\\/\\\/afric-eco.com\\\/?p=6054\"},\"author\":{\"name\":\"etienne\",\"@id\":\"https:\\\/\\\/afric-eco.com\\\/#\\\/schema\\\/person\\\/a090b66d49948c966b9a3aa2b6b7656f\"},\"headline\":\"Centrafrique : le Cameroun ne peut plus \u00eatre la seule porte du num\u00e9rique\",\"datePublished\":\"2026-09-01T08:28:39+00:00\",\"dateModified\":\"2026-09-01T08:28:41+00:00\",\"mainEntityOfPage\":{\"@id\":\"https:\\\/\\\/afric-eco.com\\\/?p=6054\"},\"wordCount\":656,\"commentCount\":0,\"publisher\":{\"@id\":\"https:\\\/\\\/afric-eco.com\\\/#organization\"},\"image\":{\"@id\":\"https:\\\/\\\/afric-eco.com\\\/?p=6054#primaryimage\"},\"thumbnailUrl\":\"https:\\\/\\\/i0.wp.com\\\/afric-eco.com\\\/wp-content\\\/uploads\\\/2026\\\/09\\\/images.jpg?fit=553%2C361&ssl=1\",\"articleSection\":[\"CEMAC\",\"Economie\"],\"inLanguage\":\"fr-FR\",\"potentialAction\":[{\"@type\":\"CommentAction\",\"name\":\"Comment\",\"target\":[\"https:\\\/\\\/afric-eco.com\\\/?p=6054#respond\"]}]},{\"@type\":\"WebPage\",\"@id\":\"https:\\\/\\\/afric-eco.com\\\/?p=6054\",\"url\":\"https:\\\/\\\/afric-eco.com\\\/?p=6054\",\"name\":\"Centrafrique : le Cameroun ne peut plus \u00eatre la seule porte du num\u00e9rique - L&#039;\u00e9conomie en un clic...\",\"isPartOf\":{\"@id\":\"https:\\\/\\\/afric-eco.com\\\/#website\"},\"primaryImageOfPage\":{\"@id\":\"https:\\\/\\\/afric-eco.com\\\/?p=6054#primaryimage\"},\"image\":{\"@id\":\"https:\\\/\\\/afric-eco.com\\\/?p=6054#primaryimage\"},\"thumbnailUrl\":\"https:\\\/\\\/i0.wp.com\\\/afric-eco.com\\\/wp-content\\\/uploads\\\/2026\\\/09\\\/images.jpg?fit=553%2C361&ssl=1\",\"datePublished\":\"2026-09-01T08:28:39+00:00\",\"dateModified\":\"2026-09-01T08:28:41+00:00\",\"breadcrumb\":{\"@id\":\"https:\\\/\\\/afric-eco.com\\\/?p=6054#breadcrumb\"},\"inLanguage\":\"fr-FR\",\"potentialAction\":[{\"@type\":\"ReadAction\",\"target\":[\"https:\\\/\\\/afric-eco.com\\\/?p=6054\"]}]},{\"@type\":\"ImageObject\",\"inLanguage\":\"fr-FR\",\"@id\":\"https:\\\/\\\/afric-eco.com\\\/?p=6054#primaryimage\",\"url\":\"https:\\\/\\\/i0.wp.com\\\/afric-eco.com\\\/wp-content\\\/uploads\\\/2026\\\/09\\\/images.jpg?fit=553%2C361&ssl=1\",\"contentUrl\":\"https:\\\/\\\/i0.wp.com\\\/afric-eco.com\\\/wp-content\\\/uploads\\\/2026\\\/09\\\/images.jpg?fit=553%2C361&ssl=1\",\"width\":553,\"height\":361},{\"@type\":\"BreadcrumbList\",\"@id\":\"https:\\\/\\\/afric-eco.com\\\/?p=6054#breadcrumb\",\"itemListElement\":[{\"@type\":\"ListItem\",\"position\":1,\"name\":\"Accueil\",\"item\":\"https:\\\/\\\/afric-eco.com\\\/\"},{\"@type\":\"ListItem\",\"position\":2,\"name\":\"Centrafrique : le Cameroun ne peut plus \u00eatre la seule porte du num\u00e9rique\"}]},{\"@type\":\"WebSite\",\"@id\":\"https:\\\/\\\/afric-eco.com\\\/#website\",\"url\":\"https:\\\/\\\/afric-eco.com\\\/\",\"name\":\"L'\u00e9conomie en un clic...\",\"description\":\"\",\"publisher\":{\"@id\":\"https:\\\/\\\/afric-eco.com\\\/#organization\"},\"alternateName\":\"Afric-eco\",\"potentialAction\":[{\"@type\":\"SearchAction\",\"target\":{\"@type\":\"EntryPoint\",\"urlTemplate\":\"https:\\\/\\\/afric-eco.com\\\/?s={search_term_string}\"},\"query-input\":{\"@type\":\"PropertyValueSpecification\",\"valueRequired\":true,\"valueName\":\"search_term_string\"}}],\"inLanguage\":\"fr-FR\"},{\"@type\":\"Organization\",\"@id\":\"https:\\\/\\\/afric-eco.com\\\/#organization\",\"name\":\"L'\u00e9conomie en un clic...\",\"url\":\"https:\\\/\\\/afric-eco.com\\\/\",\"logo\":{\"@type\":\"ImageObject\",\"inLanguage\":\"fr-FR\",\"@id\":\"https:\\\/\\\/afric-eco.com\\\/#\\\/schema\\\/logo\\\/image\\\/\",\"url\":\"https:\\\/\\\/i0.wp.com\\\/afric-eco.com\\\/wp-content\\\/uploads\\\/2024\\\/04\\\/cropped-download-12.jpg?fit=208%2C208&ssl=1\",\"contentUrl\":\"https:\\\/\\\/i0.wp.com\\\/afric-eco.com\\\/wp-content\\\/uploads\\\/2024\\\/04\\\/cropped-download-12.jpg?fit=208%2C208&ssl=1\",\"width\":208,\"height\":208,\"caption\":\"L'\u00e9conomie en un clic...\"},\"image\":{\"@id\":\"https:\\\/\\\/afric-eco.com\\\/#\\\/schema\\\/logo\\\/image\\\/\"},\"sameAs\":[\"https:\\\/\\\/facebook.com\\\/afric-eco\"]},{\"@type\":\"Person\",\"@id\":\"https:\\\/\\\/afric-eco.com\\\/#\\\/schema\\\/person\\\/a090b66d49948c966b9a3aa2b6b7656f\",\"name\":\"etienne\",\"image\":{\"@type\":\"ImageObject\",\"inLanguage\":\"fr-FR\",\"@id\":\"https:\\\/\\\/secure.gravatar.com\\\/avatar\\\/19265072a9840f8fa782268b5f05a3fdebea352e18b6604ec10f634dfb76760a?s=96&d=mm&r=g\",\"url\":\"https:\\\/\\\/secure.gravatar.com\\\/avatar\\\/19265072a9840f8fa782268b5f05a3fdebea352e18b6604ec10f634dfb76760a?s=96&d=mm&r=g\",\"contentUrl\":\"https:\\\/\\\/secure.gravatar.com\\\/avatar\\\/19265072a9840f8fa782268b5f05a3fdebea352e18b6604ec10f634dfb76760a?s=96&d=mm&r=g\",\"caption\":\"etienne\"},\"sameAs\":[\"http:\\\/\\\/afric-eco.com\"],\"url\":\"https:\\\/\\\/afric-eco.com\\\/?author=1\"}]}<\/script>\n<!-- \/ Yoast SEO plugin. -->","yoast_head_json":{"title":"Centrafrique : le Cameroun ne peut plus \u00eatre la seule porte du num\u00e9rique - L&#039;\u00e9conomie en un clic...","robots":{"index":"index","follow":"follow","max-snippet":"max-snippet:-1","max-image-preview":"max-image-preview:large","max-video-preview":"max-video-preview:-1"},"canonical":"https:\/\/afric-eco.com\/?p=6054","og_locale":"fr_FR","og_type":"article","og_title":"Centrafrique : le Cameroun ne peut plus \u00eatre la seule porte du num\u00e9rique - L&#039;\u00e9conomie en un clic...","og_description":"Une coupure de fibre au Cameroun a suffi \u00e0 ralentir Internet en Centrafrique. L\u2019incident remet sous les projecteurs une vuln\u00e9rabilit\u00e9","og_url":"https:\/\/afric-eco.com\/?p=6054","og_site_name":"L&#039;\u00e9conomie en un clic...","article_publisher":"https:\/\/facebook.com\/afric-eco","article_published_time":"2026-09-01T08:28:39+00:00","article_modified_time":"2026-09-01T08:28:41+00:00","og_image":[{"width":553,"height":361,"url":"http:\/\/afric-eco.com\/wp-content\/uploads\/2026\/09\/images.jpg","type":"image\/jpeg"}],"author":"etienne","twitter_card":"summary_large_image","twitter_misc":{"\u00c9crit par":"etienne","Dur\u00e9e de lecture estim\u00e9e":"4 minutes"},"schema":{"@context":"https:\/\/schema.org","@graph":[{"@type":"Article","@id":"https:\/\/afric-eco.com\/?p=6054#article","isPartOf":{"@id":"https:\/\/afric-eco.com\/?p=6054"},"author":{"name":"etienne","@id":"https:\/\/afric-eco.com\/#\/schema\/person\/a090b66d49948c966b9a3aa2b6b7656f"},"headline":"Centrafrique : le Cameroun ne peut plus \u00eatre la seule porte du num\u00e9rique","datePublished":"2026-09-01T08:28:39+00:00","dateModified":"2026-09-01T08:28:41+00:00","mainEntityOfPage":{"@id":"https:\/\/afric-eco.com\/?p=6054"},"wordCount":656,"commentCount":0,"publisher":{"@id":"https:\/\/afric-eco.com\/#organization"},"image":{"@id":"https:\/\/afric-eco.com\/?p=6054#primaryimage"},"thumbnailUrl":"https:\/\/i0.wp.com\/afric-eco.com\/wp-content\/uploads\/2026\/09\/images.jpg?fit=553%2C361&ssl=1","articleSection":["CEMAC","Economie"],"inLanguage":"fr-FR","potentialAction":[{"@type":"CommentAction","name":"Comment","target":["https:\/\/afric-eco.com\/?p=6054#respond"]}]},{"@type":"WebPage","@id":"https:\/\/afric-eco.com\/?p=6054","url":"https:\/\/afric-eco.com\/?p=6054","name":"Centrafrique : le Cameroun ne peut plus \u00eatre la seule porte du num\u00e9rique - L&#039;\u00e9conomie en un clic...","isPartOf":{"@id":"https:\/\/afric-eco.com\/#website"},"primaryImageOfPage":{"@id":"https:\/\/afric-eco.com\/?p=6054#primaryimage"},"image":{"@id":"https:\/\/afric-eco.com\/?p=6054#primaryimage"},"thumbnailUrl":"https:\/\/i0.wp.com\/afric-eco.com\/wp-content\/uploads\/2026\/09\/images.jpg?fit=553%2C361&ssl=1","datePublished":"2026-09-01T08:28:39+00:00","dateModified":"2026-09-01T08:28:41+00:00","breadcrumb":{"@id":"https:\/\/afric-eco.com\/?p=6054#breadcrumb"},"inLanguage":"fr-FR","potentialAction":[{"@type":"ReadAction","target":["https:\/\/afric-eco.com\/?p=6054"]}]},{"@type":"ImageObject","inLanguage":"fr-FR","@id":"https:\/\/afric-eco.com\/?p=6054#primaryimage","url":"https:\/\/i0.wp.com\/afric-eco.com\/wp-content\/uploads\/2026\/09\/images.jpg?fit=553%2C361&ssl=1","contentUrl":"https:\/\/i0.wp.com\/afric-eco.com\/wp-content\/uploads\/2026\/09\/images.jpg?fit=553%2C361&ssl=1","width":553,"height":361},{"@type":"BreadcrumbList","@id":"https:\/\/afric-eco.com\/?p=6054#breadcrumb","itemListElement":[{"@type":"ListItem","position":1,"name":"Accueil","item":"https:\/\/afric-eco.com\/"},{"@type":"ListItem","position":2,"name":"Centrafrique : le Cameroun ne peut plus \u00eatre la seule porte du num\u00e9rique"}]},{"@type":"WebSite","@id":"https:\/\/afric-eco.com\/#website","url":"https:\/\/afric-eco.com\/","name":"L'\u00e9conomie en un clic...","description":"","publisher":{"@id":"https:\/\/afric-eco.com\/#organization"},"alternateName":"Afric-eco","potentialAction":[{"@type":"SearchAction","target":{"@type":"EntryPoint","urlTemplate":"https:\/\/afric-eco.com\/?s={search_term_string}"},"query-input":{"@type":"PropertyValueSpecification","valueRequired":true,"valueName":"search_term_string"}}],"inLanguage":"fr-FR"},{"@type":"Organization","@id":"https:\/\/afric-eco.com\/#organization","name":"L'\u00e9conomie en un clic...","url":"https:\/\/afric-eco.com\/","logo":{"@type":"ImageObject","inLanguage":"fr-FR","@id":"https:\/\/afric-eco.com\/#\/schema\/logo\/image\/","url":"https:\/\/i0.wp.com\/afric-eco.com\/wp-content\/uploads\/2024\/04\/cropped-download-12.jpg?fit=208%2C208&ssl=1","contentUrl":"https:\/\/i0.wp.com\/afric-eco.com\/wp-content\/uploads\/2024\/04\/cropped-download-12.jpg?fit=208%2C208&ssl=1","width":208,"height":208,"caption":"L'\u00e9conomie en un clic..."},"image":{"@id":"https:\/\/afric-eco.com\/#\/schema\/logo\/image\/"},"sameAs":["https:\/\/facebook.com\/afric-eco"]},{"@type":"Person","@id":"https:\/\/afric-eco.com\/#\/schema\/person\/a090b66d49948c966b9a3aa2b6b7656f","name":"etienne","image":{"@type":"ImageObject","inLanguage":"fr-FR","@id":"https:\/\/secure.gravatar.com\/avatar\/19265072a9840f8fa782268b5f05a3fdebea352e18b6604ec10f634dfb76760a?s=96&d=mm&r=g","url":"https:\/\/secure.gravatar.com\/avatar\/19265072a9840f8fa782268b5f05a3fdebea352e18b6604ec10f634dfb76760a?s=96&d=mm&r=g","contentUrl":"https:\/\/secure.gravatar.com\/avatar\/19265072a9840f8fa782268b5f05a3fdebea352e18b6604ec10f634dfb76760a?s=96&d=mm&r=g","caption":"etienne"},"sameAs":["http:\/\/afric-eco.com"],"url":"https:\/\/afric-eco.com\/?author=1"}]}},"jetpack_publicize_connections":[],"jetpack_featured_media_url":"https:\/\/i0.wp.com\/afric-eco.com\/wp-content\/uploads\/2026\/09\/images.jpg?fit=553%2C361&ssl=1","jetpack-related-posts":[{"id":5683,"url":"https:\/\/afric-eco.com\/?p=5683","url_meta":{"origin":6054,"position":0},"title":"Corridor Douala-N&rsquo;Djamena : le BGFT acc\u00e9l\u00e8re la r\u00e9volution num\u00e9rique du fret et ouvre la voie \u00e0 une nouvelle \u00e8re du transport sous-r\u00e9gional","author":"etienne","date":"13 juin 2026","format":false,"excerpt":"R\u00e9unis \u00e0 Douala avec la Banque mondiale, transporteurs, transitaires et autorit\u00e9s saluent une avanc\u00e9e majeure dans la d\u00e9mat\u00e9rialisation des proc\u00e9dures et la modernisation des corridors strat\u00e9giques d'Afrique centrale. Douala, 12 juin 2026. Une \u00e9tape d\u00e9cisive vient d'\u00eatre franchie dans la modernisation du transport terrestre en Afrique centrale. Au si\u00e8ge du\u2026","rel":"","context":"Dans &quot;CEMAC&quot;","block_context":{"text":"CEMAC","link":"https:\/\/afric-eco.com\/?cat=8"},"img":{"alt_text":"","src":"https:\/\/i0.wp.com\/afric-eco.com\/wp-content\/uploads\/2026\/06\/Screenshot_2026-06-13-19-10-08-36_e01cfbe9a4b8224f045f4e2060304d84.jpg?fit=1080%2C687&ssl=1&resize=350%2C200","width":350,"height":200,"srcset":"https:\/\/i0.wp.com\/afric-eco.com\/wp-content\/uploads\/2026\/06\/Screenshot_2026-06-13-19-10-08-36_e01cfbe9a4b8224f045f4e2060304d84.jpg?fit=1080%2C687&ssl=1&resize=350%2C200 1x, https:\/\/i0.wp.com\/afric-eco.com\/wp-content\/uploads\/2026\/06\/Screenshot_2026-06-13-19-10-08-36_e01cfbe9a4b8224f045f4e2060304d84.jpg?fit=1080%2C687&ssl=1&resize=525%2C300 1.5x, https:\/\/i0.wp.com\/afric-eco.com\/wp-content\/uploads\/2026\/06\/Screenshot_2026-06-13-19-10-08-36_e01cfbe9a4b8224f045f4e2060304d84.jpg?fit=1080%2C687&ssl=1&resize=700%2C400 2x, https:\/\/i0.wp.com\/afric-eco.com\/wp-content\/uploads\/2026\/06\/Screenshot_2026-06-13-19-10-08-36_e01cfbe9a4b8224f045f4e2060304d84.jpg?fit=1080%2C687&ssl=1&resize=1050%2C600 3x"},"classes":[]},{"id":4815,"url":"https:\/\/afric-eco.com\/?p=4815","url_meta":{"origin":6054,"position":1},"title":"Cybers\u00e9curit\u00e9 : le Cameroun verrouille son espace num\u00e9rique autour du .cm","author":"etienne","date":"8 d\u00e9cembre 2025","format":false,"excerpt":"Plac\u00e9e sous le th\u00e8me \u00ab DNS et souverainet\u00e9 num\u00e9rique : b\u00e2tir un Internet s\u00fbr et confiant autour du .cm \u00bb, la cinqui\u00e8me \u00e9dition du Forum national sur le DNS s\u2019est ouverte Lundi 8 D\u00e9cembre 2025 \u00e0 Douala. Une rencontre strat\u00e9gique, \u00e0 l\u2019heure o\u00f9 le Cameroun acc\u00e9l\u00e8re la s\u00e9curisation de son\u2026","rel":"","context":"Dans &quot;Economie&quot;","block_context":{"text":"Economie","link":"https:\/\/afric-eco.com\/?cat=2"},"img":{"alt_text":"","src":"https:\/\/i0.wp.com\/afric-eco.com\/wp-content\/uploads\/2025\/12\/IMG_20251208_105806.jpg?fit=1200%2C675&ssl=1&resize=350%2C200","width":350,"height":200,"srcset":"https:\/\/i0.wp.com\/afric-eco.com\/wp-content\/uploads\/2025\/12\/IMG_20251208_105806.jpg?fit=1200%2C675&ssl=1&resize=350%2C200 1x, https:\/\/i0.wp.com\/afric-eco.com\/wp-content\/uploads\/2025\/12\/IMG_20251208_105806.jpg?fit=1200%2C675&ssl=1&resize=525%2C300 1.5x, https:\/\/i0.wp.com\/afric-eco.com\/wp-content\/uploads\/2025\/12\/IMG_20251208_105806.jpg?fit=1200%2C675&ssl=1&resize=700%2C400 2x, https:\/\/i0.wp.com\/afric-eco.com\/wp-content\/uploads\/2025\/12\/IMG_20251208_105806.jpg?fit=1200%2C675&ssl=1&resize=1050%2C600 3x"},"classes":[]},{"id":2723,"url":"https:\/\/afric-eco.com\/?p=2723","url_meta":{"origin":6054,"position":2},"title":"DOUALA\u00a0: Failles de s\u00e9curit\u00e9 des donn\u00e9es. un appel \u00e0 l&rsquo;action mondiale.","author":"etienne","date":"30 mars 2024","format":false,"excerpt":"La Journ\u00e9e mondiale de la sauvegarde des donn\u00e9es informatiques qui ce c\u00e9l\u00e8bre tous les 31 Mars, vise \u00e0 sensibiliser \u00e0 l'importance de prot\u00e9ger les donn\u00e9es num\u00e9riques contre les risques de perte, de corruption et d'usurpation. Cependant, m\u00eame avec cette sensibilisation mondiale, des incidents tels que l'usurpation d'identit\u00e9 num\u00e9rique r\u00e9cente \u00e0\u2026","rel":"","context":"Dans &quot;Economie&quot;","block_context":{"text":"Economie","link":"https:\/\/afric-eco.com\/?cat=2"},"img":{"alt_text":"","src":"","width":0,"height":0},"classes":[]},{"id":5615,"url":"https:\/\/afric-eco.com\/?p=5615","url_meta":{"origin":6054,"position":3},"title":"TEXCELLENCE PRELUDE CAMEROON : LE CAMEROUN TRACE LA PROCHAINE PHASE DE SA CROISSANCE NUM\u00c9RIQUE","author":"etienne","date":"13 mai 2026","format":false,"excerpt":"Le Cameroun veut d\u00e9sormais transformer son potentiel num\u00e9rique en puissance \u00e9conomique r\u00e9elle. C\u2019est le message fort lanc\u00e9 le mercredi 13 Mai 2026 \u00e0 Douala \u00e0 l\u2019occasion de Texcellence Prelude Cameroon, une rencontre ex\u00e9cutive de haut niveau organis\u00e9e par CWG Plc, qui a r\u00e9uni dirigeants financiers, acteurs technologiques, responsables publics, entrepreneurs,\u2026","rel":"","context":"Dans &quot;Economie&quot;","block_context":{"text":"Economie","link":"https:\/\/afric-eco.com\/?cat=2"},"img":{"alt_text":"","src":"https:\/\/i0.wp.com\/afric-eco.com\/wp-content\/uploads\/2026\/05\/Screenshot_2026-05-13-19-27-20-23_de8f3fad8229f55b0b17dc7c0e5e807f.jpg?fit=1080%2C493&ssl=1&resize=350%2C200","width":350,"height":200,"srcset":"https:\/\/i0.wp.com\/afric-eco.com\/wp-content\/uploads\/2026\/05\/Screenshot_2026-05-13-19-27-20-23_de8f3fad8229f55b0b17dc7c0e5e807f.jpg?fit=1080%2C493&ssl=1&resize=350%2C200 1x, https:\/\/i0.wp.com\/afric-eco.com\/wp-content\/uploads\/2026\/05\/Screenshot_2026-05-13-19-27-20-23_de8f3fad8229f55b0b17dc7c0e5e807f.jpg?fit=1080%2C493&ssl=1&resize=525%2C300 1.5x, https:\/\/i0.wp.com\/afric-eco.com\/wp-content\/uploads\/2026\/05\/Screenshot_2026-05-13-19-27-20-23_de8f3fad8229f55b0b17dc7c0e5e807f.jpg?fit=1080%2C493&ssl=1&resize=700%2C400 2x, https:\/\/i0.wp.com\/afric-eco.com\/wp-content\/uploads\/2026\/05\/Screenshot_2026-05-13-19-27-20-23_de8f3fad8229f55b0b17dc7c0e5e807f.jpg?fit=1080%2C493&ssl=1&resize=1050%2C600 3x"},"classes":[]},{"id":3724,"url":"https:\/\/afric-eco.com\/?p=3724","url_meta":{"origin":6054,"position":4},"title":"Crise des t\u00e9l\u00e9coms au Cameroun : MTN pointe du doigt Camtel dans un jeu de accusations crois\u00e9es","author":"etienne","date":"24 septembre 2024","format":false,"excerpt":"Le secteur des t\u00e9l\u00e9communications au Cameroun est en \u00e9bullition. MTN Cameroon, filiale du g\u00e9ant sud-africain, a lanc\u00e9 une salve d'accusations \u00e0 l'encontre de Camtel, l'op\u00e9rateur public, dans un communiqu\u00e9 publi\u00e9 ce samedi. Cette sortie m\u00e9diatique met en lumi\u00e8re les dysfonctionnements chroniques d'un secteur vital pour l'\u00e9conomie du pays. Un r\u00e9seau\u2026","rel":"","context":"Dans &quot;Economie&quot;","block_context":{"text":"Economie","link":"https:\/\/afric-eco.com\/?cat=2"},"img":{"alt_text":"","src":"https:\/\/i0.wp.com\/afric-eco.com\/wp-content\/uploads\/2024\/09\/Screenshot_2024-09-24-08-27-09-71_92460851df6f172a4592fca41cc2d2e6.jpg?fit=1080%2C690&ssl=1&resize=350%2C200","width":350,"height":200,"srcset":"https:\/\/i0.wp.com\/afric-eco.com\/wp-content\/uploads\/2024\/09\/Screenshot_2024-09-24-08-27-09-71_92460851df6f172a4592fca41cc2d2e6.jpg?fit=1080%2C690&ssl=1&resize=350%2C200 1x, https:\/\/i0.wp.com\/afric-eco.com\/wp-content\/uploads\/2024\/09\/Screenshot_2024-09-24-08-27-09-71_92460851df6f172a4592fca41cc2d2e6.jpg?fit=1080%2C690&ssl=1&resize=525%2C300 1.5x, https:\/\/i0.wp.com\/afric-eco.com\/wp-content\/uploads\/2024\/09\/Screenshot_2024-09-24-08-27-09-71_92460851df6f172a4592fca41cc2d2e6.jpg?fit=1080%2C690&ssl=1&resize=700%2C400 2x, https:\/\/i0.wp.com\/afric-eco.com\/wp-content\/uploads\/2024\/09\/Screenshot_2024-09-24-08-27-09-71_92460851df6f172a4592fca41cc2d2e6.jpg?fit=1080%2C690&ssl=1&resize=1050%2C600 3x"},"classes":[]},{"id":5635,"url":"https:\/\/afric-eco.com\/?p=5635","url_meta":{"origin":6054,"position":5},"title":"NUM\u00c9RIQUE : CAMTEL ET LE GECAM LANCENT L\u2019OFFENSIVE POUR LA TRANSFORMATION DES PME","author":"etienne","date":"29 mai 2026","format":false,"excerpt":"Depuis Douala, une nouvelle alliance veut propulser les entreprises camerounaises au c\u0153ur de l\u2019\u00e9conomie num\u00e9rique sous-r\u00e9gionaleLe Cameroun acc\u00e9l\u00e8re sa mutation num\u00e9rique.Le vendredi 29 mai 2026 \u00e0 Bonanjo, au si\u00e8ge du GECAM, CAMTEL et le Groupement des Entreprises du Cameroun ont officiellement sign\u00e9 une convention destin\u00e9e \u00e0 booster la digitalisation des\u2026","rel":"","context":"Dans &quot;Economie&quot;","block_context":{"text":"Economie","link":"https:\/\/afric-eco.com\/?cat=2"},"img":{"alt_text":"","src":"https:\/\/i0.wp.com\/afric-eco.com\/wp-content\/uploads\/2026\/05\/Screenshot_2026-05-29-19-03-02-43_e01cfbe9a4b8224f045f4e2060304d84.jpg?fit=1080%2C478&ssl=1&resize=350%2C200","width":350,"height":200,"srcset":"https:\/\/i0.wp.com\/afric-eco.com\/wp-content\/uploads\/2026\/05\/Screenshot_2026-05-29-19-03-02-43_e01cfbe9a4b8224f045f4e2060304d84.jpg?fit=1080%2C478&ssl=1&resize=350%2C200 1x, https:\/\/i0.wp.com\/afric-eco.com\/wp-content\/uploads\/2026\/05\/Screenshot_2026-05-29-19-03-02-43_e01cfbe9a4b8224f045f4e2060304d84.jpg?fit=1080%2C478&ssl=1&resize=525%2C300 1.5x, https:\/\/i0.wp.com\/afric-eco.com\/wp-content\/uploads\/2026\/05\/Screenshot_2026-05-29-19-03-02-43_e01cfbe9a4b8224f045f4e2060304d84.jpg?fit=1080%2C478&ssl=1&resize=700%2C400 2x, https:\/\/i0.wp.com\/afric-eco.com\/wp-content\/uploads\/2026\/05\/Screenshot_2026-05-29-19-03-02-43_e01cfbe9a4b8224f045f4e2060304d84.jpg?fit=1080%2C478&ssl=1&resize=1050%2C600 3x"},"classes":[]}],"jetpack_sharing_enabled":true,"_links":{"self":[{"href":"https:\/\/afric-eco.com\/index.php?rest_route=\/wp\/v2\/posts\/6054","targetHints":{"allow":["GET"]}}],"collection":[{"href":"https:\/\/afric-eco.com\/index.php?rest_route=\/wp\/v2\/posts"}],"about":[{"href":"https:\/\/afric-eco.com\/index.php?rest_route=\/wp\/v2\/types\/post"}],"author":[{"embeddable":true,"href":"https:\/\/afric-eco.com\/index.php?rest_route=\/wp\/v2\/users\/1"}],"replies":[{"embeddable":true,"href":"https:\/\/afric-eco.com\/index.php?rest_route=%2Fwp%2Fv2%2Fcomments&post=6054"}],"version-history":[{"count":1,"href":"https:\/\/afric-eco.com\/index.php?rest_route=\/wp\/v2\/posts\/6054\/revisions"}],"predecessor-version":[{"id":6056,"href":"https:\/\/afric-eco.com\/index.php?rest_route=\/wp\/v2\/posts\/6054\/revisions\/6056"}],"wp:featuredmedia":[{"embeddable":true,"href":"https:\/\/afric-eco.com\/index.php?rest_route=\/wp\/v2\/media\/6055"}],"wp:attachment":[{"href":"https:\/\/afric-eco.com\/index.php?rest_route=%2Fwp%2Fv2%2Fmedia&parent=6054"}],"wp:term":[{"taxonomy":"category","embeddable":true,"href":"https:\/\/afric-eco.com\/index.php?rest_route=%2Fwp%2Fv2%2Fcategories&post=6054"},{"taxonomy":"post_tag","embeddable":true,"href":"https:\/\/afric-eco.com\/index.php?rest_route=%2Fwp%2Fv2%2Ftags&post=6054"}],"curies":[{"name":"wp","href":"https:\/\/api.w.org\/{rel}","templated":true}]}}