{"id":5548,"date":"2026-05-02T13:42:56","date_gmt":"2026-05-02T13:42:56","guid":{"rendered":"https:\/\/afric-eco.com\/?p=5548"},"modified":"2026-05-02T13:42:58","modified_gmt":"2026-05-02T13:42:58","slug":"guerre-au-moyen-orient-le-cameroun-contraint-de-revoir-son-budget-2026","status":"publish","type":"post","link":"https:\/\/afric-eco.com\/?p=5548","title":{"rendered":"Guerre au Moyen-Orient : le Cameroun contraint de revoir son budget 2026"},"content":{"rendered":"\n<p>Le Cameroun pourrait une nouvelle fois retoucher son budget national. Face aux secousses provoqu\u00e9es par la crise g\u00e9opolitique au Moyen-Orient et \u00e0 l\u2019envol\u00e9e des prix du p\u00e9trole, le gouvernement envisage une loi de finances rectificative pour l\u2019exercice 2026, pourtant adopt\u00e9 il y a seulement quelques mois \u00e0 plus de 8 800 milliards de FCFA.<\/p>\n\n\n\n<p>L\u2019information, r\u00e9v\u00e9l\u00e9e par le ministre des Finances Louis Paul Motaz\u00e9 lors des r\u00e9unions de printemps du Fonds mon\u00e9taire international et de la Banque mondiale \u00e0 Washington, confirme la f\u00e9brilit\u00e9 des \u00e9quilibres budg\u00e9taires africains face aux tensions internationales.<\/p>\n\n\n\n<p>\u00ab Nous r\u00e9fl\u00e9chissons \u00e0 proposer une r\u00e9vision du budget \u00bb, a indiqu\u00e9 le membre du gouvernement, \u00e9voquant l\u2019apparition de \u00ab nouveaux \u00e9l\u00e9ments \u00bb susceptibles de modifier substantiellement les pr\u00e9visions \u00e9conomiques initiales.<\/p>\n\n\n\n<p>Au c\u0153ur de cette relecture budg\u00e9taire : le choc p\u00e9trolier provoqu\u00e9 par l\u2019affrontement militaire opposant depuis fin f\u00e9vrier 2026 les \u00c9tats-Unis et Isra\u00ebl \u00e0 l\u2019Iran. La hausse des cours du brut reconfigure les perspectives financi\u00e8res des pays producteurs d\u2019hydrocarbures, dont le Cameroun, qui esp\u00e8re d\u00e9sormais b\u00e9n\u00e9ficier d\u2019un surplus de recettes p\u00e9troli\u00e8res.<\/p>\n\n\n\n<p>Pour Yaound\u00e9, cette embellie potentielle pourrait renforcer temporairement les capacit\u00e9s de financement de l\u2019\u00c9tat dans un contexte marqu\u00e9 par la pression de la dette, les besoins d\u2019investissement public et la mont\u00e9e des d\u00e9penses sociales. Les revenus additionnels attendus du p\u00e9trole pourraient ainsi offrir une marge de man\u0153uvre bienvenue au Tr\u00e9sor public.<\/p>\n\n\n\n<p>Mais cette perspective cache aussi une fragilit\u00e9 plus profonde. Pour l\u2019analyste financier Patrick Duprix Anicet Mani, cette neuvi\u00e8me r\u00e9vision budg\u00e9taire cons\u00e9cutive illustre les limites d\u2019une planification \u00e9conomique encore trop d\u00e9pendante des fluctuations ext\u00e9rieures.<\/p>\n\n\n\n<p>Selon lui, la r\u00e9p\u00e9tition des lois de finances rectificatives traduit \u00ab une vuln\u00e9rabilit\u00e9 chronique de la programmation budg\u00e9taire camerounaise face aux chocs exog\u00e8nes \u00bb, notamment ceux li\u00e9s \u00e0 l\u2019\u00e9nergie et au commerce international.<\/p>\n\n\n\n<p>Dans les milieux \u00e9conomiques, plusieurs observateurs soulignent que cette situation met en \u00e9vidence le d\u00e9fi majeur de diversification auquel reste confront\u00e9e l\u2019\u00e9conomie camerounaise. Malgr\u00e9 les ambitions affich\u00e9es d\u2019industrialisation et de transformation locale, les recettes publiques demeurent fortement sensibles aux variations des mati\u00e8res premi\u00e8res.<\/p>\n\n\n\n<p>Cette probable r\u00e9vision budg\u00e9taire intervient \u00e9galement dans un contexte o\u00f9 plusieurs \u00e9conomies africaines subissent simultan\u00e9ment les effets combin\u00e9s de l\u2019inflation import\u00e9e, du ralentissement du commerce mondial et de la hausse des co\u00fbts logistiques internationaux.<\/p>\n\n\n\n<p>Pour le Cameroun, l\u2019enjeu d\u00e9passe d\u00e9sormais la simple correction comptable. Il s\u2019agit de pr\u00e9server la stabilit\u00e9 macro\u00e9conomique tout en rassurant investisseurs, bailleurs internationaux et partenaires financiers sur la capacit\u00e9 du pays \u00e0 maintenir une trajectoire budg\u00e9taire soutenable dans un environnement mondial de plus en plus impr\u00e9visible.<\/p>\n\n\n\n<p>Afric-eco\/Yvan Treddy TEMSONA<br>+(237)674147515<\/p>\n\n\n\n<p><\/p>\n","protected":false},"excerpt":{"rendered":"<p>Le Cameroun pourrait une nouvelle fois retoucher son budget national. Face aux secousses provoqu\u00e9es par la crise g\u00e9opolitique au Moyen-Orient<\/p>\n","protected":false},"author":1,"featured_media":5549,"comment_status":"open","ping_status":"open","sticky":false,"template":"","format":"standard","meta":{"colormag_page_container_layout":"default_layout","colormag_page_sidebar_layout":"default_layout","jetpack_post_was_ever_published":false,"_jetpack_newsletter_access":"","_jetpack_dont_email_post_to_subs":false,"_jetpack_newsletter_tier_id":0,"_jetpack_memberships_contains_paywalled_content":false,"_jetpack_memberships_contains_paid_content":false,"footnotes":"","jetpack_publicize_message":"","jetpack_publicize_feature_enabled":true,"jetpack_social_post_already_shared":true,"jetpack_social_options":{"image_generator_settings":{"template":"highway","default_image_id":0,"font":"","enabled":false},"version":2}},"categories":[2],"tags":[],"class_list":["post-5548","post","type-post","status-publish","format-standard","has-post-thumbnail","hentry","category-economie"],"yoast_head":"<!-- This site is optimized with the Yoast SEO plugin v27.4 - https:\/\/yoast.com\/product\/yoast-seo-wordpress\/ -->\n<title>Guerre au Moyen-Orient : le Cameroun contraint de revoir son budget 2026 - L&#039;\u00e9conomie en un clic...<\/title>\n<meta name=\"robots\" content=\"index, follow, max-snippet:-1, max-image-preview:large, max-video-preview:-1\" \/>\n<link rel=\"canonical\" href=\"https:\/\/afric-eco.com\/?p=5548\" \/>\n<meta property=\"og:locale\" content=\"fr_FR\" \/>\n<meta property=\"og:type\" content=\"article\" \/>\n<meta property=\"og:title\" content=\"Guerre au Moyen-Orient : le Cameroun contraint de revoir son budget 2026 - L&#039;\u00e9conomie en un clic...\" \/>\n<meta property=\"og:description\" content=\"Le Cameroun pourrait une nouvelle fois retoucher son budget national. Face aux secousses provoqu\u00e9es par la crise g\u00e9opolitique au Moyen-Orient\" \/>\n<meta property=\"og:url\" content=\"https:\/\/afric-eco.com\/?p=5548\" \/>\n<meta property=\"og:site_name\" content=\"L&#039;\u00e9conomie en un clic...\" \/>\n<meta property=\"article:publisher\" content=\"https:\/\/facebook.com\/afric-eco\" \/>\n<meta property=\"article:published_time\" content=\"2026-05-02T13:42:56+00:00\" \/>\n<meta property=\"article:modified_time\" content=\"2026-05-02T13:42:58+00:00\" \/>\n<meta property=\"og:image\" content=\"http:\/\/afric-eco.com\/wp-content\/uploads\/2026\/05\/download-4.jpg\" \/>\n\t<meta property=\"og:image:width\" content=\"300\" \/>\n\t<meta property=\"og:image:height\" content=\"168\" \/>\n\t<meta property=\"og:image:type\" content=\"image\/jpeg\" \/>\n<meta name=\"author\" content=\"etienne\" \/>\n<meta name=\"twitter:card\" content=\"summary_large_image\" \/>\n<meta name=\"twitter:label1\" content=\"\u00c9crit par\" \/>\n\t<meta name=\"twitter:data1\" content=\"etienne\" \/>\n\t<meta name=\"twitter:label2\" content=\"Dur\u00e9e de lecture estim\u00e9e\" \/>\n\t<meta name=\"twitter:data2\" content=\"3 minutes\" \/>\n<script type=\"application\/ld+json\" class=\"yoast-schema-graph\">{\"@context\":\"https:\\\/\\\/schema.org\",\"@graph\":[{\"@type\":\"Article\",\"@id\":\"https:\\\/\\\/afric-eco.com\\\/?p=5548#article\",\"isPartOf\":{\"@id\":\"https:\\\/\\\/afric-eco.com\\\/?p=5548\"},\"author\":{\"name\":\"etienne\",\"@id\":\"https:\\\/\\\/afric-eco.com\\\/#\\\/schema\\\/person\\\/a090b66d49948c966b9a3aa2b6b7656f\"},\"headline\":\"Guerre au Moyen-Orient : le Cameroun contraint de revoir son budget 2026\",\"datePublished\":\"2026-05-02T13:42:56+00:00\",\"dateModified\":\"2026-05-02T13:42:58+00:00\",\"mainEntityOfPage\":{\"@id\":\"https:\\\/\\\/afric-eco.com\\\/?p=5548\"},\"wordCount\":490,\"commentCount\":0,\"publisher\":{\"@id\":\"https:\\\/\\\/afric-eco.com\\\/#organization\"},\"image\":{\"@id\":\"https:\\\/\\\/afric-eco.com\\\/?p=5548#primaryimage\"},\"thumbnailUrl\":\"https:\\\/\\\/i0.wp.com\\\/afric-eco.com\\\/wp-content\\\/uploads\\\/2026\\\/05\\\/download-4.jpg?fit=300%2C168&ssl=1\",\"articleSection\":[\"Economie\"],\"inLanguage\":\"fr-FR\",\"potentialAction\":[{\"@type\":\"CommentAction\",\"name\":\"Comment\",\"target\":[\"https:\\\/\\\/afric-eco.com\\\/?p=5548#respond\"]}]},{\"@type\":\"WebPage\",\"@id\":\"https:\\\/\\\/afric-eco.com\\\/?p=5548\",\"url\":\"https:\\\/\\\/afric-eco.com\\\/?p=5548\",\"name\":\"Guerre au Moyen-Orient : le Cameroun contraint de revoir son budget 2026 - L&#039;\u00e9conomie en un clic...\",\"isPartOf\":{\"@id\":\"https:\\\/\\\/afric-eco.com\\\/#website\"},\"primaryImageOfPage\":{\"@id\":\"https:\\\/\\\/afric-eco.com\\\/?p=5548#primaryimage\"},\"image\":{\"@id\":\"https:\\\/\\\/afric-eco.com\\\/?p=5548#primaryimage\"},\"thumbnailUrl\":\"https:\\\/\\\/i0.wp.com\\\/afric-eco.com\\\/wp-content\\\/uploads\\\/2026\\\/05\\\/download-4.jpg?fit=300%2C168&ssl=1\",\"datePublished\":\"2026-05-02T13:42:56+00:00\",\"dateModified\":\"2026-05-02T13:42:58+00:00\",\"breadcrumb\":{\"@id\":\"https:\\\/\\\/afric-eco.com\\\/?p=5548#breadcrumb\"},\"inLanguage\":\"fr-FR\",\"potentialAction\":[{\"@type\":\"ReadAction\",\"target\":[\"https:\\\/\\\/afric-eco.com\\\/?p=5548\"]}]},{\"@type\":\"ImageObject\",\"inLanguage\":\"fr-FR\",\"@id\":\"https:\\\/\\\/afric-eco.com\\\/?p=5548#primaryimage\",\"url\":\"https:\\\/\\\/i0.wp.com\\\/afric-eco.com\\\/wp-content\\\/uploads\\\/2026\\\/05\\\/download-4.jpg?fit=300%2C168&ssl=1\",\"contentUrl\":\"https:\\\/\\\/i0.wp.com\\\/afric-eco.com\\\/wp-content\\\/uploads\\\/2026\\\/05\\\/download-4.jpg?fit=300%2C168&ssl=1\",\"width\":300,\"height\":168},{\"@type\":\"BreadcrumbList\",\"@id\":\"https:\\\/\\\/afric-eco.com\\\/?p=5548#breadcrumb\",\"itemListElement\":[{\"@type\":\"ListItem\",\"position\":1,\"name\":\"Accueil\",\"item\":\"https:\\\/\\\/afric-eco.com\\\/\"},{\"@type\":\"ListItem\",\"position\":2,\"name\":\"Guerre au Moyen-Orient : le Cameroun contraint de revoir son budget 2026\"}]},{\"@type\":\"WebSite\",\"@id\":\"https:\\\/\\\/afric-eco.com\\\/#website\",\"url\":\"https:\\\/\\\/afric-eco.com\\\/\",\"name\":\"L'\u00e9conomie en un clic...\",\"description\":\"\",\"publisher\":{\"@id\":\"https:\\\/\\\/afric-eco.com\\\/#organization\"},\"alternateName\":\"Afric-eco\",\"potentialAction\":[{\"@type\":\"SearchAction\",\"target\":{\"@type\":\"EntryPoint\",\"urlTemplate\":\"https:\\\/\\\/afric-eco.com\\\/?s={search_term_string}\"},\"query-input\":{\"@type\":\"PropertyValueSpecification\",\"valueRequired\":true,\"valueName\":\"search_term_string\"}}],\"inLanguage\":\"fr-FR\"},{\"@type\":\"Organization\",\"@id\":\"https:\\\/\\\/afric-eco.com\\\/#organization\",\"name\":\"L'\u00e9conomie en un clic...\",\"url\":\"https:\\\/\\\/afric-eco.com\\\/\",\"logo\":{\"@type\":\"ImageObject\",\"inLanguage\":\"fr-FR\",\"@id\":\"https:\\\/\\\/afric-eco.com\\\/#\\\/schema\\\/logo\\\/image\\\/\",\"url\":\"https:\\\/\\\/i0.wp.com\\\/afric-eco.com\\\/wp-content\\\/uploads\\\/2024\\\/04\\\/cropped-download-12.jpg?fit=208%2C208&ssl=1\",\"contentUrl\":\"https:\\\/\\\/i0.wp.com\\\/afric-eco.com\\\/wp-content\\\/uploads\\\/2024\\\/04\\\/cropped-download-12.jpg?fit=208%2C208&ssl=1\",\"width\":208,\"height\":208,\"caption\":\"L'\u00e9conomie en un clic...\"},\"image\":{\"@id\":\"https:\\\/\\\/afric-eco.com\\\/#\\\/schema\\\/logo\\\/image\\\/\"},\"sameAs\":[\"https:\\\/\\\/facebook.com\\\/afric-eco\"]},{\"@type\":\"Person\",\"@id\":\"https:\\\/\\\/afric-eco.com\\\/#\\\/schema\\\/person\\\/a090b66d49948c966b9a3aa2b6b7656f\",\"name\":\"etienne\",\"image\":{\"@type\":\"ImageObject\",\"inLanguage\":\"fr-FR\",\"@id\":\"https:\\\/\\\/secure.gravatar.com\\\/avatar\\\/19265072a9840f8fa782268b5f05a3fdebea352e18b6604ec10f634dfb76760a?s=96&d=mm&r=g\",\"url\":\"https:\\\/\\\/secure.gravatar.com\\\/avatar\\\/19265072a9840f8fa782268b5f05a3fdebea352e18b6604ec10f634dfb76760a?s=96&d=mm&r=g\",\"contentUrl\":\"https:\\\/\\\/secure.gravatar.com\\\/avatar\\\/19265072a9840f8fa782268b5f05a3fdebea352e18b6604ec10f634dfb76760a?s=96&d=mm&r=g\",\"caption\":\"etienne\"},\"sameAs\":[\"http:\\\/\\\/afric-eco.com\"],\"url\":\"https:\\\/\\\/afric-eco.com\\\/?author=1\"}]}<\/script>\n<!-- \/ Yoast SEO plugin. -->","yoast_head_json":{"title":"Guerre au Moyen-Orient : le Cameroun contraint de revoir son budget 2026 - L&#039;\u00e9conomie en un clic...","robots":{"index":"index","follow":"follow","max-snippet":"max-snippet:-1","max-image-preview":"max-image-preview:large","max-video-preview":"max-video-preview:-1"},"canonical":"https:\/\/afric-eco.com\/?p=5548","og_locale":"fr_FR","og_type":"article","og_title":"Guerre au Moyen-Orient : le Cameroun contraint de revoir son budget 2026 - L&#039;\u00e9conomie en un clic...","og_description":"Le Cameroun pourrait une nouvelle fois retoucher son budget national. Face aux secousses provoqu\u00e9es par la crise g\u00e9opolitique au Moyen-Orient","og_url":"https:\/\/afric-eco.com\/?p=5548","og_site_name":"L&#039;\u00e9conomie en un clic...","article_publisher":"https:\/\/facebook.com\/afric-eco","article_published_time":"2026-05-02T13:42:56+00:00","article_modified_time":"2026-05-02T13:42:58+00:00","og_image":[{"width":300,"height":168,"url":"http:\/\/afric-eco.com\/wp-content\/uploads\/2026\/05\/download-4.jpg","type":"image\/jpeg"}],"author":"etienne","twitter_card":"summary_large_image","twitter_misc":{"\u00c9crit par":"etienne","Dur\u00e9e de lecture estim\u00e9e":"3 minutes"},"schema":{"@context":"https:\/\/schema.org","@graph":[{"@type":"Article","@id":"https:\/\/afric-eco.com\/?p=5548#article","isPartOf":{"@id":"https:\/\/afric-eco.com\/?p=5548"},"author":{"name":"etienne","@id":"https:\/\/afric-eco.com\/#\/schema\/person\/a090b66d49948c966b9a3aa2b6b7656f"},"headline":"Guerre au Moyen-Orient : le Cameroun contraint de revoir son budget 2026","datePublished":"2026-05-02T13:42:56+00:00","dateModified":"2026-05-02T13:42:58+00:00","mainEntityOfPage":{"@id":"https:\/\/afric-eco.com\/?p=5548"},"wordCount":490,"commentCount":0,"publisher":{"@id":"https:\/\/afric-eco.com\/#organization"},"image":{"@id":"https:\/\/afric-eco.com\/?p=5548#primaryimage"},"thumbnailUrl":"https:\/\/i0.wp.com\/afric-eco.com\/wp-content\/uploads\/2026\/05\/download-4.jpg?fit=300%2C168&ssl=1","articleSection":["Economie"],"inLanguage":"fr-FR","potentialAction":[{"@type":"CommentAction","name":"Comment","target":["https:\/\/afric-eco.com\/?p=5548#respond"]}]},{"@type":"WebPage","@id":"https:\/\/afric-eco.com\/?p=5548","url":"https:\/\/afric-eco.com\/?p=5548","name":"Guerre au Moyen-Orient : le Cameroun contraint de revoir son budget 2026 - L&#039;\u00e9conomie en un clic...","isPartOf":{"@id":"https:\/\/afric-eco.com\/#website"},"primaryImageOfPage":{"@id":"https:\/\/afric-eco.com\/?p=5548#primaryimage"},"image":{"@id":"https:\/\/afric-eco.com\/?p=5548#primaryimage"},"thumbnailUrl":"https:\/\/i0.wp.com\/afric-eco.com\/wp-content\/uploads\/2026\/05\/download-4.jpg?fit=300%2C168&ssl=1","datePublished":"2026-05-02T13:42:56+00:00","dateModified":"2026-05-02T13:42:58+00:00","breadcrumb":{"@id":"https:\/\/afric-eco.com\/?p=5548#breadcrumb"},"inLanguage":"fr-FR","potentialAction":[{"@type":"ReadAction","target":["https:\/\/afric-eco.com\/?p=5548"]}]},{"@type":"ImageObject","inLanguage":"fr-FR","@id":"https:\/\/afric-eco.com\/?p=5548#primaryimage","url":"https:\/\/i0.wp.com\/afric-eco.com\/wp-content\/uploads\/2026\/05\/download-4.jpg?fit=300%2C168&ssl=1","contentUrl":"https:\/\/i0.wp.com\/afric-eco.com\/wp-content\/uploads\/2026\/05\/download-4.jpg?fit=300%2C168&ssl=1","width":300,"height":168},{"@type":"BreadcrumbList","@id":"https:\/\/afric-eco.com\/?p=5548#breadcrumb","itemListElement":[{"@type":"ListItem","position":1,"name":"Accueil","item":"https:\/\/afric-eco.com\/"},{"@type":"ListItem","position":2,"name":"Guerre au Moyen-Orient : le Cameroun contraint de revoir son budget 2026"}]},{"@type":"WebSite","@id":"https:\/\/afric-eco.com\/#website","url":"https:\/\/afric-eco.com\/","name":"L'\u00e9conomie en un clic...","description":"","publisher":{"@id":"https:\/\/afric-eco.com\/#organization"},"alternateName":"Afric-eco","potentialAction":[{"@type":"SearchAction","target":{"@type":"EntryPoint","urlTemplate":"https:\/\/afric-eco.com\/?s={search_term_string}"},"query-input":{"@type":"PropertyValueSpecification","valueRequired":true,"valueName":"search_term_string"}}],"inLanguage":"fr-FR"},{"@type":"Organization","@id":"https:\/\/afric-eco.com\/#organization","name":"L'\u00e9conomie en un clic...","url":"https:\/\/afric-eco.com\/","logo":{"@type":"ImageObject","inLanguage":"fr-FR","@id":"https:\/\/afric-eco.com\/#\/schema\/logo\/image\/","url":"https:\/\/i0.wp.com\/afric-eco.com\/wp-content\/uploads\/2024\/04\/cropped-download-12.jpg?fit=208%2C208&ssl=1","contentUrl":"https:\/\/i0.wp.com\/afric-eco.com\/wp-content\/uploads\/2024\/04\/cropped-download-12.jpg?fit=208%2C208&ssl=1","width":208,"height":208,"caption":"L'\u00e9conomie en un clic..."},"image":{"@id":"https:\/\/afric-eco.com\/#\/schema\/logo\/image\/"},"sameAs":["https:\/\/facebook.com\/afric-eco"]},{"@type":"Person","@id":"https:\/\/afric-eco.com\/#\/schema\/person\/a090b66d49948c966b9a3aa2b6b7656f","name":"etienne","image":{"@type":"ImageObject","inLanguage":"fr-FR","@id":"https:\/\/secure.gravatar.com\/avatar\/19265072a9840f8fa782268b5f05a3fdebea352e18b6604ec10f634dfb76760a?s=96&d=mm&r=g","url":"https:\/\/secure.gravatar.com\/avatar\/19265072a9840f8fa782268b5f05a3fdebea352e18b6604ec10f634dfb76760a?s=96&d=mm&r=g","contentUrl":"https:\/\/secure.gravatar.com\/avatar\/19265072a9840f8fa782268b5f05a3fdebea352e18b6604ec10f634dfb76760a?s=96&d=mm&r=g","caption":"etienne"},"sameAs":["http:\/\/afric-eco.com"],"url":"https:\/\/afric-eco.com\/?author=1"}]}},"jetpack_publicize_connections":[],"jetpack_featured_media_url":"https:\/\/i0.wp.com\/afric-eco.com\/wp-content\/uploads\/2026\/05\/download-4.jpg?fit=300%2C168&ssl=1","jetpack-related-posts":[{"id":4847,"url":"https:\/\/afric-eco.com\/?p=4847","url_meta":{"origin":5548,"position":0},"title":"CUD : 66 milliards FCFA pour consolider l\u2019\u00e9conomie urbaine","author":"etienne","date":"1 janvier 2026","format":false,"excerpt":"R\u00e9unis en session ordinaire le 31 d\u00e9cembre 2025 au Palais de la Culture Sawa, les conseillers de la Communaut\u00e9 urbaine de Douala ont adopt\u00e9 le budget de l\u2019exercice 2026, chiffr\u00e9 \u00e0 66 milliards de francs CFA. Pr\u00e9sid\u00e9e par le maire de la ville, le Dr Roger Mbassa Ndin\u00e8, cette session\u2026","rel":"","context":"Dans &quot;Economie&quot;","block_context":{"text":"Economie","link":"https:\/\/afric-eco.com\/?cat=2"},"img":{"alt_text":"","src":"https:\/\/i0.wp.com\/afric-eco.com\/wp-content\/uploads\/2026\/01\/Screenshot_2026-01-01-23-44-46-58_a23b203fd3aafc6dcb84e438dda678b6.jpg?fit=1080%2C495&ssl=1&resize=350%2C200","width":350,"height":200,"srcset":"https:\/\/i0.wp.com\/afric-eco.com\/wp-content\/uploads\/2026\/01\/Screenshot_2026-01-01-23-44-46-58_a23b203fd3aafc6dcb84e438dda678b6.jpg?fit=1080%2C495&ssl=1&resize=350%2C200 1x, https:\/\/i0.wp.com\/afric-eco.com\/wp-content\/uploads\/2026\/01\/Screenshot_2026-01-01-23-44-46-58_a23b203fd3aafc6dcb84e438dda678b6.jpg?fit=1080%2C495&ssl=1&resize=525%2C300 1.5x, https:\/\/i0.wp.com\/afric-eco.com\/wp-content\/uploads\/2026\/01\/Screenshot_2026-01-01-23-44-46-58_a23b203fd3aafc6dcb84e438dda678b6.jpg?fit=1080%2C495&ssl=1&resize=700%2C400 2x, https:\/\/i0.wp.com\/afric-eco.com\/wp-content\/uploads\/2026\/01\/Screenshot_2026-01-01-23-44-46-58_a23b203fd3aafc6dcb84e438dda678b6.jpg?fit=1080%2C495&ssl=1&resize=1050%2C600 3x"},"classes":[]},{"id":2664,"url":"https:\/\/afric-eco.com\/?p=2664","url_meta":{"origin":5548,"position":1},"title":"SANTE\u00a0 : RENFORCEMENT DE LA STRAT\u00c9GIE NATIONALE DE VACCINATION.","author":"etienne","date":"28 mars 2024","format":false,"excerpt":"\u00a0Le Minist\u00e8re De La Sante Publique (MINSANTE) Et Le Programme Elargie De Vaccination (PEV) \u0152uvrent\u00a0 Pour Une Mise En Place Des Orientations Et Des Strat\u00e9gies Efficaces Pour Garantir Un Financement Durable De La Sant\u00e9 Au Cameroun. Les acteurs de la chaine de Protection Nationale de la Sante publique\u00a0 accompagn\u00e9s du\u2026","rel":"","context":"Dans &quot;Sant\u00e9&quot;","block_context":{"text":"Sant\u00e9","link":"https:\/\/afric-eco.com\/?cat=15"},"img":{"alt_text":"","src":"https:\/\/i0.wp.com\/afric-eco.com\/wp-content\/uploads\/2024\/03\/IMG-20240328-WA0333.jpg?fit=720%2C540&ssl=1&resize=350%2C200","width":350,"height":200,"srcset":"https:\/\/i0.wp.com\/afric-eco.com\/wp-content\/uploads\/2024\/03\/IMG-20240328-WA0333.jpg?fit=720%2C540&ssl=1&resize=350%2C200 1x, https:\/\/i0.wp.com\/afric-eco.com\/wp-content\/uploads\/2024\/03\/IMG-20240328-WA0333.jpg?fit=720%2C540&ssl=1&resize=525%2C300 1.5x, https:\/\/i0.wp.com\/afric-eco.com\/wp-content\/uploads\/2024\/03\/IMG-20240328-WA0333.jpg?fit=720%2C540&ssl=1&resize=700%2C400 2x"},"classes":[]},{"id":5133,"url":"https:\/\/afric-eco.com\/?p=5133","url_meta":{"origin":5548,"position":2},"title":"S\u00c9N\u00c9GAL : L\u2019\u00c9QUATION \u00c9CONOMIQUE MET LE POUVOIR \u00c0 L\u2019\u00c9PREUVE","author":"etienne","date":"4 mars 2026","format":false,"excerpt":"\u00c0 Dakar, l\u2019urgence n\u2019est plus seulement politique : elle est d\u00e9sormais budg\u00e9taire. Sous la pr\u00e9sidence de Bassirou Diomaye Faye, le S\u00e9n\u00e9gal affronte l\u2019une des plus d\u00e9licates s\u00e9quences \u00e9conomiques de la derni\u00e8re d\u00e9cennie, sur fond de n\u00e9gociations complexes avec le Fonds mon\u00e9taire international et de tensions sociales persistantes. Dette cach\u00e9e et\u2026","rel":"","context":"Dans &quot;Afrique&quot;","block_context":{"text":"Afrique","link":"https:\/\/afric-eco.com\/?cat=7"},"img":{"alt_text":"","src":"https:\/\/i0.wp.com\/afric-eco.com\/wp-content\/uploads\/2026\/03\/Screenshot_2026-03-04-15-31-25-62_e01cfbe9a4b8224f045f4e2060304d84.jpg?fit=1080%2C693&ssl=1&resize=350%2C200","width":350,"height":200,"srcset":"https:\/\/i0.wp.com\/afric-eco.com\/wp-content\/uploads\/2026\/03\/Screenshot_2026-03-04-15-31-25-62_e01cfbe9a4b8224f045f4e2060304d84.jpg?fit=1080%2C693&ssl=1&resize=350%2C200 1x, https:\/\/i0.wp.com\/afric-eco.com\/wp-content\/uploads\/2026\/03\/Screenshot_2026-03-04-15-31-25-62_e01cfbe9a4b8224f045f4e2060304d84.jpg?fit=1080%2C693&ssl=1&resize=525%2C300 1.5x, https:\/\/i0.wp.com\/afric-eco.com\/wp-content\/uploads\/2026\/03\/Screenshot_2026-03-04-15-31-25-62_e01cfbe9a4b8224f045f4e2060304d84.jpg?fit=1080%2C693&ssl=1&resize=700%2C400 2x, https:\/\/i0.wp.com\/afric-eco.com\/wp-content\/uploads\/2026\/03\/Screenshot_2026-03-04-15-31-25-62_e01cfbe9a4b8224f045f4e2060304d84.jpg?fit=1080%2C693&ssl=1&resize=1050%2C600 3x"},"classes":[]},{"id":1400,"url":"https:\/\/afric-eco.com\/?p=1400","url_meta":{"origin":5548,"position":3},"title":"\u00ab\u00a0Le 4e Forum international des investisseurs \u00e0 Douala : la cl\u00e9 de l&rsquo;avenir \u00e9conomique du Cameroun\u00a0\u00bb","author":"etienne","date":"27 octobre 2023","format":false,"excerpt":"Le 4e Forum international des investisseurs (F2i) s'est d\u00e9roul\u00e9 \u00e0 l'H\u00f4tel La Falaise de Douala depuis le 25 octobre 2023. Cet \u00e9v\u00e9nement pr\u00e9sid\u00e9 par Christophe EKEN, pr\u00e9sident de la Chambre de Commerce, d\u2019Industries, des Mines et de l\u2019Artisanats ( Ccima) a suscit\u00e9 une forte mobilisation de la part des collectivit\u00e9s\u2026","rel":"","context":"Dans &quot;Economie&quot;","block_context":{"text":"Economie","link":"https:\/\/afric-eco.com\/?cat=2"},"img":{"alt_text":"","src":"https:\/\/i0.wp.com\/afric-eco.com\/wp-content\/uploads\/2023\/10\/watermark_ven._27102023_102149.png?fit=1080%2C1080&ssl=1&resize=350%2C200","width":350,"height":200,"srcset":"https:\/\/i0.wp.com\/afric-eco.com\/wp-content\/uploads\/2023\/10\/watermark_ven._27102023_102149.png?fit=1080%2C1080&ssl=1&resize=350%2C200 1x, https:\/\/i0.wp.com\/afric-eco.com\/wp-content\/uploads\/2023\/10\/watermark_ven._27102023_102149.png?fit=1080%2C1080&ssl=1&resize=525%2C300 1.5x, https:\/\/i0.wp.com\/afric-eco.com\/wp-content\/uploads\/2023\/10\/watermark_ven._27102023_102149.png?fit=1080%2C1080&ssl=1&resize=700%2C400 2x, https:\/\/i0.wp.com\/afric-eco.com\/wp-content\/uploads\/2023\/10\/watermark_ven._27102023_102149.png?fit=1080%2C1080&ssl=1&resize=1050%2C600 3x"},"classes":[]},{"id":2912,"url":"https:\/\/afric-eco.com\/?p=2912","url_meta":{"origin":5548,"position":4},"title":"\u00c9CONOMIE : LA RCA VEUT MOBILISER DES RESSOURCES A HAUTEUR DE 200 MILLIARDS FCFA POUR LE COMPTE DE L\u2019ANNEE 2024.","author":"etienne","date":"10 avril 2024","format":false,"excerpt":"R\u00e9parties de la mani\u00e8re suivante soit 100 Milliards FCFA sur le March\u00e9 des Valeurs du Tr\u00e9sor et 100 Milliards FCFA en Emprunts obligataires sur le March\u00e9 Financier. Ces chiffres ont \u00e9t\u00e9 pr\u00e9sent\u00e9s par Mr Herv\u00e9 NDOBA ; Ministre des Finances\u00a0 et du Budget de la R\u00e9publique Centrafricaine (RCA), Au cours,\u2026","rel":"","context":"Dans &quot;Economie&quot;","block_context":{"text":"Economie","link":"https:\/\/afric-eco.com\/?cat=2"},"img":{"alt_text":"","src":"https:\/\/i0.wp.com\/afric-eco.com\/wp-content\/uploads\/2024\/04\/Screenshot_2024-04-10-22-28-04-26_6012fa4d4ddec268fc5c7112cbb265e7.jpg?fit=1080%2C861&ssl=1&resize=350%2C200","width":350,"height":200,"srcset":"https:\/\/i0.wp.com\/afric-eco.com\/wp-content\/uploads\/2024\/04\/Screenshot_2024-04-10-22-28-04-26_6012fa4d4ddec268fc5c7112cbb265e7.jpg?fit=1080%2C861&ssl=1&resize=350%2C200 1x, https:\/\/i0.wp.com\/afric-eco.com\/wp-content\/uploads\/2024\/04\/Screenshot_2024-04-10-22-28-04-26_6012fa4d4ddec268fc5c7112cbb265e7.jpg?fit=1080%2C861&ssl=1&resize=525%2C300 1.5x, https:\/\/i0.wp.com\/afric-eco.com\/wp-content\/uploads\/2024\/04\/Screenshot_2024-04-10-22-28-04-26_6012fa4d4ddec268fc5c7112cbb265e7.jpg?fit=1080%2C861&ssl=1&resize=700%2C400 2x, https:\/\/i0.wp.com\/afric-eco.com\/wp-content\/uploads\/2024\/04\/Screenshot_2024-04-10-22-28-04-26_6012fa4d4ddec268fc5c7112cbb265e7.jpg?fit=1080%2C861&ssl=1&resize=1050%2C600 3x"},"classes":[]},{"id":4992,"url":"https:\/\/afric-eco.com\/?p=4992","url_meta":{"origin":5548,"position":5},"title":"COTE D&rsquo;IVOIRE : Eurobond &#8211; la C\u00f4te d\u2019Ivoire l\u00e8ve 1,3 milliard $ \u00e0 un taux record de 5,39 %","author":"etienne","date":"19 f\u00e9vrier 2026","format":false,"excerpt":"C\u00f4te d\u2019Ivoire confirme son rang de signature souveraine de r\u00e9f\u00e9rence en Afrique subsaharienne. Le 18 f\u00e9vrier, Abidjan a boucl\u00e9 avec succ\u00e8s une \u00e9mission obligataire internationale de 1,3 milliard de dollars sur 15 ans, marqu\u00e9e par un engouement massif des investisseurs. L\u2019op\u00e9ration a \u00e9t\u00e9 sursouscrite cinq fois, avec un livre d\u2019ordres\u2026","rel":"","context":"Dans &quot;Afrique&quot;","block_context":{"text":"Afrique","link":"https:\/\/afric-eco.com\/?cat=7"},"img":{"alt_text":"","src":"","width":0,"height":0},"classes":[]}],"jetpack_sharing_enabled":true,"_links":{"self":[{"href":"https:\/\/afric-eco.com\/index.php?rest_route=\/wp\/v2\/posts\/5548","targetHints":{"allow":["GET"]}}],"collection":[{"href":"https:\/\/afric-eco.com\/index.php?rest_route=\/wp\/v2\/posts"}],"about":[{"href":"https:\/\/afric-eco.com\/index.php?rest_route=\/wp\/v2\/types\/post"}],"author":[{"embeddable":true,"href":"https:\/\/afric-eco.com\/index.php?rest_route=\/wp\/v2\/users\/1"}],"replies":[{"embeddable":true,"href":"https:\/\/afric-eco.com\/index.php?rest_route=%2Fwp%2Fv2%2Fcomments&post=5548"}],"version-history":[{"count":1,"href":"https:\/\/afric-eco.com\/index.php?rest_route=\/wp\/v2\/posts\/5548\/revisions"}],"predecessor-version":[{"id":5550,"href":"https:\/\/afric-eco.com\/index.php?rest_route=\/wp\/v2\/posts\/5548\/revisions\/5550"}],"wp:featuredmedia":[{"embeddable":true,"href":"https:\/\/afric-eco.com\/index.php?rest_route=\/wp\/v2\/media\/5549"}],"wp:attachment":[{"href":"https:\/\/afric-eco.com\/index.php?rest_route=%2Fwp%2Fv2%2Fmedia&parent=5548"}],"wp:term":[{"taxonomy":"category","embeddable":true,"href":"https:\/\/afric-eco.com\/index.php?rest_route=%2Fwp%2Fv2%2Fcategories&post=5548"},{"taxonomy":"post_tag","embeddable":true,"href":"https:\/\/afric-eco.com\/index.php?rest_route=%2Fwp%2Fv2%2Ftags&post=5548"}],"curies":[{"name":"wp","href":"https:\/\/api.w.org\/{rel}","templated":true}]}}