{"id":4914,"date":"2026-01-22T21:53:53","date_gmt":"2026-01-22T21:53:53","guid":{"rendered":"https:\/\/afric-eco.com\/?p=4914"},"modified":"2026-01-22T23:03:43","modified_gmt":"2026-01-22T23:03:43","slug":"energie-et-industrie-le-langage-de-verite-face-aux-usines-de-douala","status":"publish","type":"post","link":"https:\/\/afric-eco.com\/?p=4914","title":{"rendered":"\u00c9NERGIE ET INDUSTRIE : LE LANGAGE DE V\u00c9RIT\u00c9 FACE AUX USINES DE DOUALA"},"content":{"rendered":"\n<p><strong>Au-del\u00e0 des promesses, l\u2019industrie exige de la visibilit\u00e9<\/strong><\/p>\n\n\n\n<p>Au si\u00e8ge du Groupement des Entreprises du Cameroun (GECAM) Jeudi 22 janvier 2026, le ton a \u00e9t\u00e9 \u00e0 la fois direct, critique et \u00e9conomiquement engag\u00e9. Face aux industriels, le Gaston Eloundou Essomba, Ministre de l\u2019Eau et de l\u2019\u00c9nergie, a livr\u00e9 ce qu\u2019il a lui-m\u00eame qualifi\u00e9 de langage de v\u00e9rit\u00e9 sur l\u2019\u00e9tat r\u00e9el du secteur \u00e9nerg\u00e9tique camerounais, pilier strat\u00e9gique de la croissance industrielle.<\/p>\n\n\n\n<figure class=\"wp-block-gallery has-nested-images columns-default is-cropped wp-block-gallery-1 is-layout-flex wp-block-gallery-is-layout-flex\">\n<figure class=\"wp-block-image size-large\"><img data-recalc-dims=\"1\" loading=\"lazy\" decoding=\"async\" width=\"800\" height=\"452\" data-id=\"4916\" src=\"https:\/\/i0.wp.com\/afric-eco.com\/wp-content\/uploads\/2026\/01\/Screenshot_2026-01-22-22-37-37-10_42427a19113850fd668ccee6d4f57ee5-1024x578.jpg?resize=800%2C452&#038;ssl=1\" alt=\"\" class=\"wp-image-4916\" srcset=\"https:\/\/i0.wp.com\/afric-eco.com\/wp-content\/uploads\/2026\/01\/Screenshot_2026-01-22-22-37-37-10_42427a19113850fd668ccee6d4f57ee5.jpg?resize=1024%2C578&amp;ssl=1 1024w, https:\/\/i0.wp.com\/afric-eco.com\/wp-content\/uploads\/2026\/01\/Screenshot_2026-01-22-22-37-37-10_42427a19113850fd668ccee6d4f57ee5.jpg?resize=300%2C169&amp;ssl=1 300w, https:\/\/i0.wp.com\/afric-eco.com\/wp-content\/uploads\/2026\/01\/Screenshot_2026-01-22-22-37-37-10_42427a19113850fd668ccee6d4f57ee5.jpg?resize=768%2C433&amp;ssl=1 768w, https:\/\/i0.wp.com\/afric-eco.com\/wp-content\/uploads\/2026\/01\/Screenshot_2026-01-22-22-37-37-10_42427a19113850fd668ccee6d4f57ee5.jpg?resize=1536%2C867&amp;ssl=1 1536w, https:\/\/i0.wp.com\/afric-eco.com\/wp-content\/uploads\/2026\/01\/Screenshot_2026-01-22-22-37-37-10_42427a19113850fd668ccee6d4f57ee5.jpg?w=1914&amp;ssl=1 1914w, https:\/\/i0.wp.com\/afric-eco.com\/wp-content\/uploads\/2026\/01\/Screenshot_2026-01-22-22-37-37-10_42427a19113850fd668ccee6d4f57ee5.jpg?w=1600 1600w\" sizes=\"auto, (max-width: 800px) 100vw, 800px\" \/><\/figure>\n<\/figure>\n\n\n\n<p>Une industrie sous tension \u00e9nerg\u00e9tique<\/p>\n\n\n\n<p>Dans une capitale \u00e9conomique confront\u00e9e \u00e0 des interruptions r\u00e9currentes d\u2019\u00e9lectricit\u00e9, les industriels ont exprim\u00e9, sans d\u00e9tour, leur exasp\u00e9ration. C\u00e9lestin Tawamba, pr\u00e9sident du GECAM, a ouvert le d\u00e9bat avec une interrogation lourde de sens :<\/p>\n\n\n\n<figure class=\"wp-block-gallery has-nested-images columns-default is-cropped wp-block-gallery-2 is-layout-flex wp-block-gallery-is-layout-flex\">\n<figure class=\"wp-block-image size-large\"><img data-recalc-dims=\"1\" loading=\"lazy\" decoding=\"async\" width=\"800\" height=\"568\" data-id=\"4926\" src=\"https:\/\/i0.wp.com\/afric-eco.com\/wp-content\/uploads\/2026\/01\/Screenshot_2026-01-22-23-52-31-64_42427a19113850fd668ccee6d4f57ee5-1024x727.jpg?resize=800%2C568&#038;ssl=1\" alt=\"\" class=\"wp-image-4926\" srcset=\"https:\/\/i0.wp.com\/afric-eco.com\/wp-content\/uploads\/2026\/01\/Screenshot_2026-01-22-23-52-31-64_42427a19113850fd668ccee6d4f57ee5.jpg?resize=1024%2C727&amp;ssl=1 1024w, https:\/\/i0.wp.com\/afric-eco.com\/wp-content\/uploads\/2026\/01\/Screenshot_2026-01-22-23-52-31-64_42427a19113850fd668ccee6d4f57ee5.jpg?resize=300%2C213&amp;ssl=1 300w, https:\/\/i0.wp.com\/afric-eco.com\/wp-content\/uploads\/2026\/01\/Screenshot_2026-01-22-23-52-31-64_42427a19113850fd668ccee6d4f57ee5.jpg?resize=768%2C546&amp;ssl=1 768w, https:\/\/i0.wp.com\/afric-eco.com\/wp-content\/uploads\/2026\/01\/Screenshot_2026-01-22-23-52-31-64_42427a19113850fd668ccee6d4f57ee5.jpg?w=1512&amp;ssl=1 1512w\" sizes=\"auto, (max-width: 800px) 100vw, 800px\" \/><\/figure>\n<\/figure>\n\n\n\n<p>\u00ab Nous avons lourdement investi dans les barrages. Mais on a l\u2019impression que plus on investit, moins il y a de l\u2019\u00e9lectricit\u00e9. Comment l\u2019expliquer ? \u00bb<\/p>\n\n\n\n<p>Une question qui r\u00e9sume le paradoxe \u00e9nerg\u00e9tique camerounais : des investissements structurants, mais une production encore instable, p\u00e9nalisant la comp\u00e9titivit\u00e9 des entreprises.<\/p>\n\n\n\n<p>Le choc des chiffres et la contrainte climatique<\/p>\n\n\n\n<p>En r\u00e9ponse, le ministre a pos\u00e9 le diagnostic. La saison des pluies 2025, exceptionnellement courte, a entra\u00een\u00e9 un d\u00e9ficit hydrologique estim\u00e9 \u00e0 3 milliards de m\u00e8tres cubes d\u2019eau, affectant directement les barrages-r\u00e9servoirs, notamment Lom Pangar.<br>Illustration concr\u00e8te : le matin m\u00eame de la rencontre, Nachtigal ne produisait que 246 MW sur les 420 MW install\u00e9s, faute de d\u00e9bit suffisant.<\/p>\n\n\n\n<figure class=\"wp-block-gallery has-nested-images columns-default is-cropped wp-block-gallery-3 is-layout-flex wp-block-gallery-is-layout-flex\">\n<figure class=\"wp-block-image size-large\"><img data-recalc-dims=\"1\" loading=\"lazy\" decoding=\"async\" width=\"800\" height=\"475\" data-id=\"4921\" src=\"https:\/\/i0.wp.com\/afric-eco.com\/wp-content\/uploads\/2026\/01\/Screenshot_2026-01-22-22-51-19-63_42427a19113850fd668ccee6d4f57ee5-1024x608.jpg?resize=800%2C475&#038;ssl=1\" alt=\"\" class=\"wp-image-4921\" srcset=\"https:\/\/i0.wp.com\/afric-eco.com\/wp-content\/uploads\/2026\/01\/Screenshot_2026-01-22-22-51-19-63_42427a19113850fd668ccee6d4f57ee5.jpg?resize=1024%2C608&amp;ssl=1 1024w, https:\/\/i0.wp.com\/afric-eco.com\/wp-content\/uploads\/2026\/01\/Screenshot_2026-01-22-22-51-19-63_42427a19113850fd668ccee6d4f57ee5.jpg?resize=300%2C178&amp;ssl=1 300w, https:\/\/i0.wp.com\/afric-eco.com\/wp-content\/uploads\/2026\/01\/Screenshot_2026-01-22-22-51-19-63_42427a19113850fd668ccee6d4f57ee5.jpg?resize=768%2C456&amp;ssl=1 768w, https:\/\/i0.wp.com\/afric-eco.com\/wp-content\/uploads\/2026\/01\/Screenshot_2026-01-22-22-51-19-63_42427a19113850fd668ccee6d4f57ee5.jpg?resize=1536%2C911&amp;ssl=1 1536w, https:\/\/i0.wp.com\/afric-eco.com\/wp-content\/uploads\/2026\/01\/Screenshot_2026-01-22-22-51-19-63_42427a19113850fd668ccee6d4f57ee5.jpg?w=1820&amp;ssl=1 1820w, https:\/\/i0.wp.com\/afric-eco.com\/wp-content\/uploads\/2026\/01\/Screenshot_2026-01-22-22-51-19-63_42427a19113850fd668ccee6d4f57ee5.jpg?w=1600 1600w\" sizes=\"auto, (max-width: 800px) 100vw, 800px\" \/><\/figure>\n<\/figure>\n\n\n\n<p>\u00ab Ces contingences sont exog\u00e8nes. Elles impactent la qualit\u00e9 et la quantit\u00e9 de la production \u00bb, a reconnu le ministre, tout en soulignant les mesures d\u2019att\u00e9nuation engag\u00e9es, notamment le recours aux centrales thermiques \u00e0 gaz.<\/p>\n\n\n\n<p>Urgence financi\u00e8re et renationalisation d\u2019ENEO<\/p>\n\n\n\n<p>Au-del\u00e0 de la m\u00e9t\u00e9o, le c\u0153ur du probl\u00e8me reste structurel : le d\u00e9s\u00e9quilibre financier du secteur. Les chiffres avanc\u00e9s sont \u00e9loquents : 30 \u00e0 31 milliards FCFA de recettes mensuelles contre 44 milliards de charges, soit un d\u00e9ficit d\u2019environ 13 milliards FCFA.<\/p>\n\n\n\n<p>Pour y r\u00e9pondre, le gouvernement mise sur le compact \u00e9nerg\u00e9tique, soutenu par la Banque mondiale et la BAD, et surtout sur la renationalisation de ENEO, pr\u00e9sent\u00e9e comme un levier d\u00e9cisif.<br>Objectif affich\u00e9 : restaurer l\u2019\u00e9quilibr\u00f9e financier, s\u00e9curiser le paiement des producteurs (Nachtigal, centrale \u00e0 gaz de Kribi), relancer l\u2019investissement et fiabiliser durablement le r\u00e9seau.<\/p>\n\n\n\n<figure class=\"wp-block-gallery has-nested-images columns-default is-cropped wp-block-gallery-4 is-layout-flex wp-block-gallery-is-layout-flex\">\n<figure class=\"wp-block-image size-large\"><img data-recalc-dims=\"1\" loading=\"lazy\" decoding=\"async\" width=\"800\" height=\"601\" data-id=\"4920\" src=\"https:\/\/i0.wp.com\/afric-eco.com\/wp-content\/uploads\/2026\/01\/Screenshot_2026-01-22-22-44-40-42_42427a19113850fd668ccee6d4f57ee5-1024x769.jpg?resize=800%2C601&#038;ssl=1\" alt=\"\" class=\"wp-image-4920\" srcset=\"https:\/\/i0.wp.com\/afric-eco.com\/wp-content\/uploads\/2026\/01\/Screenshot_2026-01-22-22-44-40-42_42427a19113850fd668ccee6d4f57ee5.jpg?resize=1024%2C769&amp;ssl=1 1024w, https:\/\/i0.wp.com\/afric-eco.com\/wp-content\/uploads\/2026\/01\/Screenshot_2026-01-22-22-44-40-42_42427a19113850fd668ccee6d4f57ee5.jpg?resize=300%2C225&amp;ssl=1 300w, https:\/\/i0.wp.com\/afric-eco.com\/wp-content\/uploads\/2026\/01\/Screenshot_2026-01-22-22-44-40-42_42427a19113850fd668ccee6d4f57ee5.jpg?resize=768%2C577&amp;ssl=1 768w, https:\/\/i0.wp.com\/afric-eco.com\/wp-content\/uploads\/2026\/01\/Screenshot_2026-01-22-22-44-40-42_42427a19113850fd668ccee6d4f57ee5.jpg?w=1170&amp;ssl=1 1170w\" sizes=\"auto, (max-width: 800px) 100vw, 800px\" \/><\/figure>\n<\/figure>\n\n\n\n<p>\u00ab Le premier m\u00e9dicament, c\u2019est l\u2019\u00e9quilibre financier. Et la renationalisation nous donne la capacit\u00e9 d\u2019agir \u00bb, a insist\u00e9 le ministre, \u00e9voquant la lutte contre la fraude \u2013 estim\u00e9e \u00e0 60 milliards FCFA de pertes annuelles, et l\u2019engagement de l\u2019\u00c9tat \u00e0 r\u00e9gler d\u00e9sormais ses propres factures d\u2019\u00e9lectricit\u00e9.<\/p>\n\n\n\n<p>La voix des industriels : visibilit\u00e9 et qualit\u00e9 avant tout<\/p>\n\n\n\n<p>Du c\u00f4t\u00e9 du patronat, l\u2019attente est claire : de la visibilit\u00e9 et de la qualit\u00e9. Ibrahima Ousmanou, pr\u00e9sident de la commission industrie du GECAM, a rappel\u00e9 que l\u2019industrie peut s\u2019adapter \u00e0 un d\u00e9ficit, \u00e0 condition qu\u2019il soit pr\u00e9visible.<\/p>\n\n\n\n<figure class=\"wp-block-gallery has-nested-images columns-default is-cropped wp-block-gallery-5 is-layout-flex wp-block-gallery-is-layout-flex\">\n<figure class=\"wp-block-image size-large\"><img data-recalc-dims=\"1\" loading=\"lazy\" decoding=\"async\" width=\"800\" height=\"695\" data-id=\"4922\" src=\"https:\/\/i0.wp.com\/afric-eco.com\/wp-content\/uploads\/2026\/01\/Screenshot_2026-01-22-22-40-22-95_42427a19113850fd668ccee6d4f57ee5-1024x889.jpg?resize=800%2C695&#038;ssl=1\" alt=\"\" class=\"wp-image-4922\" srcset=\"https:\/\/i0.wp.com\/afric-eco.com\/wp-content\/uploads\/2026\/01\/Screenshot_2026-01-22-22-40-22-95_42427a19113850fd668ccee6d4f57ee5.jpg?resize=1024%2C889&amp;ssl=1 1024w, https:\/\/i0.wp.com\/afric-eco.com\/wp-content\/uploads\/2026\/01\/Screenshot_2026-01-22-22-40-22-95_42427a19113850fd668ccee6d4f57ee5.jpg?resize=300%2C260&amp;ssl=1 300w, https:\/\/i0.wp.com\/afric-eco.com\/wp-content\/uploads\/2026\/01\/Screenshot_2026-01-22-22-40-22-95_42427a19113850fd668ccee6d4f57ee5.jpg?resize=768%2C667&amp;ssl=1 768w, https:\/\/i0.wp.com\/afric-eco.com\/wp-content\/uploads\/2026\/01\/Screenshot_2026-01-22-22-40-22-95_42427a19113850fd668ccee6d4f57ee5.jpg?w=1244&amp;ssl=1 1244w\" sizes=\"auto, (max-width: 800px) 100vw, 800px\" \/><\/figure>\n<\/figure>\n\n\n\n<p>\u00ab Le v\u00e9ritable souci, ce sont les interruptions non ma\u00eetris\u00e9es et la mauvaise qualit\u00e9 de l\u2019\u00e9nergie. Cela bloque l\u2019investissement, augmente les charges impr\u00e9vues et rench\u00e9rit les co\u00fbts de production \u00bb, a-t-il d\u00e9nonc\u00e9.<\/p>\n\n\n\n<p>Groupes \u00e9lectrog\u00e8nes surtax\u00e9s, carburant co\u00fbteux, pannes d\u2019\u00e9quipements, double fiscalit\u00e9 : pour les industriels, la crise \u00e9nerg\u00e9tique agit comme un imp\u00f4t indirect sur la production, freinant l\u2019expansion et l\u2019emploi.<\/p>\n\n\n\n<p>Entre promesses et vigilance \u00e9conomique<\/p>\n\n\n\n<p>Cette rencontre strat\u00e9gique au GECAM aura permis un dialogue franc, r\u00e9v\u00e9lateur des tensions mais aussi des attentes. Si le gouvernement affiche une nouvelle gouvernance \u00e9nerg\u00e9tique et des r\u00e9formes ambitieuses, les industriels, eux, appellent \u00e0 des r\u00e9sultats rapides et mesurables.<\/p>\n\n\n\n<figure class=\"wp-block-gallery has-nested-images columns-default is-cropped wp-block-gallery-6 is-layout-flex wp-block-gallery-is-layout-flex\">\n<figure class=\"wp-block-image size-large\"><img data-recalc-dims=\"1\" loading=\"lazy\" decoding=\"async\" width=\"800\" height=\"448\" data-id=\"4923\" src=\"https:\/\/i0.wp.com\/afric-eco.com\/wp-content\/uploads\/2026\/01\/Screenshot_2026-01-22-22-45-52-26_42427a19113850fd668ccee6d4f57ee5-1024x573.jpg?resize=800%2C448&#038;ssl=1\" alt=\"\" class=\"wp-image-4923\" srcset=\"https:\/\/i0.wp.com\/afric-eco.com\/wp-content\/uploads\/2026\/01\/Screenshot_2026-01-22-22-45-52-26_42427a19113850fd668ccee6d4f57ee5.jpg?resize=1024%2C573&amp;ssl=1 1024w, https:\/\/i0.wp.com\/afric-eco.com\/wp-content\/uploads\/2026\/01\/Screenshot_2026-01-22-22-45-52-26_42427a19113850fd668ccee6d4f57ee5.jpg?resize=300%2C168&amp;ssl=1 300w, https:\/\/i0.wp.com\/afric-eco.com\/wp-content\/uploads\/2026\/01\/Screenshot_2026-01-22-22-45-52-26_42427a19113850fd668ccee6d4f57ee5.jpg?resize=768%2C430&amp;ssl=1 768w, https:\/\/i0.wp.com\/afric-eco.com\/wp-content\/uploads\/2026\/01\/Screenshot_2026-01-22-22-45-52-26_42427a19113850fd668ccee6d4f57ee5.jpg?resize=1536%2C860&amp;ssl=1 1536w, https:\/\/i0.wp.com\/afric-eco.com\/wp-content\/uploads\/2026\/01\/Screenshot_2026-01-22-22-45-52-26_42427a19113850fd668ccee6d4f57ee5.jpg?w=1929&amp;ssl=1 1929w, https:\/\/i0.wp.com\/afric-eco.com\/wp-content\/uploads\/2026\/01\/Screenshot_2026-01-22-22-45-52-26_42427a19113850fd668ccee6d4f57ee5.jpg?w=1600 1600w\" sizes=\"auto, (max-width: 800px) 100vw, 800px\" \/><\/figure>\n<\/figure>\n\n\n\n<p>Car \u00e0 Douala, capitale \u00e9conomique, l\u2019\u00e9lectricit\u00e9 n\u2019est pas seulement un service public : elle est un facteur de comp\u00e9titivit\u00e9, d\u2019investissement et de croissance durable. Entre engagements politiques et r\u00e9alit\u00e9s industrielles, le secteur \u00e9nerg\u00e9tique reste plus que jamais sous surveillance.<\/p>\n\n\n\n<p>Afric-eco\/Etienne MONTHE<\/p>\n\n\n\n<p><\/p>\n","protected":false},"excerpt":{"rendered":"<p>Au-del\u00e0 des promesses, l\u2019industrie exige de la visibilit\u00e9 Au si\u00e8ge du Groupement des Entreprises du Cameroun (GECAM) Jeudi 22 janvier<\/p>\n","protected":false},"author":1,"featured_media":4917,"comment_status":"open","ping_status":"open","sticky":false,"template":"","format":"standard","meta":{"colormag_page_container_layout":"default_layout","colormag_page_sidebar_layout":"default_layout","jetpack_post_was_ever_published":false,"_jetpack_newsletter_access":"","_jetpack_dont_email_post_to_subs":false,"_jetpack_newsletter_tier_id":0,"_jetpack_memberships_contains_paywalled_content":false,"_jetpack_memberships_contains_paid_content":false,"footnotes":"","jetpack_publicize_message":"","jetpack_publicize_feature_enabled":true,"jetpack_social_post_already_shared":true,"jetpack_social_options":{"image_generator_settings":{"template":"highway","default_image_id":0,"font":"","enabled":false},"version":2}},"categories":[2],"tags":[],"class_list":["post-4914","post","type-post","status-publish","format-standard","has-post-thumbnail","hentry","category-economie"],"yoast_head":"<!-- This site is optimized with the Yoast SEO plugin v27.4 - https:\/\/yoast.com\/product\/yoast-seo-wordpress\/ -->\n<title>\u00c9NERGIE ET INDUSTRIE : LE LANGAGE DE V\u00c9RIT\u00c9 FACE AUX USINES DE DOUALA - L&#039;\u00e9conomie en un clic...<\/title>\n<meta name=\"robots\" content=\"index, follow, max-snippet:-1, max-image-preview:large, max-video-preview:-1\" \/>\n<link rel=\"canonical\" href=\"https:\/\/afric-eco.com\/?p=4914\" \/>\n<meta property=\"og:locale\" content=\"fr_FR\" \/>\n<meta property=\"og:type\" content=\"article\" \/>\n<meta property=\"og:title\" content=\"\u00c9NERGIE ET INDUSTRIE : LE LANGAGE DE V\u00c9RIT\u00c9 FACE AUX USINES DE DOUALA - L&#039;\u00e9conomie en un clic...\" \/>\n<meta property=\"og:description\" content=\"Au-del\u00e0 des promesses, l\u2019industrie exige de la visibilit\u00e9 Au si\u00e8ge du Groupement des Entreprises du Cameroun (GECAM) Jeudi 22 janvier\" \/>\n<meta property=\"og:url\" content=\"https:\/\/afric-eco.com\/?p=4914\" \/>\n<meta property=\"og:site_name\" content=\"L&#039;\u00e9conomie en un clic...\" \/>\n<meta property=\"article:publisher\" content=\"https:\/\/facebook.com\/afric-eco\" \/>\n<meta property=\"article:published_time\" content=\"2026-01-22T21:53:53+00:00\" \/>\n<meta property=\"article:modified_time\" content=\"2026-01-22T23:03:43+00:00\" \/>\n<meta property=\"og:image\" content=\"http:\/\/afric-eco.com\/wp-content\/uploads\/2026\/01\/Screenshot_2026-01-22-22-38-30-93_42427a19113850fd668ccee6d4f57ee5.jpg\" \/>\n\t<meta property=\"og:image:width\" content=\"2340\" \/>\n\t<meta property=\"og:image:height\" content=\"1080\" \/>\n\t<meta property=\"og:image:type\" content=\"image\/jpeg\" \/>\n<meta name=\"author\" content=\"etienne\" \/>\n<meta name=\"twitter:card\" content=\"summary_large_image\" \/>\n<meta name=\"twitter:label1\" content=\"\u00c9crit par\" \/>\n\t<meta name=\"twitter:data1\" content=\"etienne\" \/>\n\t<meta name=\"twitter:label2\" content=\"Dur\u00e9e de lecture estim\u00e9e\" \/>\n\t<meta name=\"twitter:data2\" content=\"5 minutes\" \/>\n<script type=\"application\/ld+json\" class=\"yoast-schema-graph\">{\"@context\":\"https:\\\/\\\/schema.org\",\"@graph\":[{\"@type\":\"Article\",\"@id\":\"https:\\\/\\\/afric-eco.com\\\/?p=4914#article\",\"isPartOf\":{\"@id\":\"https:\\\/\\\/afric-eco.com\\\/?p=4914\"},\"author\":{\"name\":\"etienne\",\"@id\":\"https:\\\/\\\/afric-eco.com\\\/#\\\/schema\\\/person\\\/a090b66d49948c966b9a3aa2b6b7656f\"},\"headline\":\"\u00c9NERGIE ET INDUSTRIE : LE LANGAGE DE V\u00c9RIT\u00c9 FACE AUX USINES DE DOUALA\",\"datePublished\":\"2026-01-22T21:53:53+00:00\",\"dateModified\":\"2026-01-22T23:03:43+00:00\",\"mainEntityOfPage\":{\"@id\":\"https:\\\/\\\/afric-eco.com\\\/?p=4914\"},\"wordCount\":680,\"commentCount\":0,\"publisher\":{\"@id\":\"https:\\\/\\\/afric-eco.com\\\/#organization\"},\"image\":{\"@id\":\"https:\\\/\\\/afric-eco.com\\\/?p=4914#primaryimage\"},\"thumbnailUrl\":\"https:\\\/\\\/i0.wp.com\\\/afric-eco.com\\\/wp-content\\\/uploads\\\/2026\\\/01\\\/Screenshot_2026-01-22-22-38-30-93_42427a19113850fd668ccee6d4f57ee5.jpg?fit=2340%2C1080&ssl=1\",\"articleSection\":[\"Economie\"],\"inLanguage\":\"fr-FR\",\"potentialAction\":[{\"@type\":\"CommentAction\",\"name\":\"Comment\",\"target\":[\"https:\\\/\\\/afric-eco.com\\\/?p=4914#respond\"]}]},{\"@type\":\"WebPage\",\"@id\":\"https:\\\/\\\/afric-eco.com\\\/?p=4914\",\"url\":\"https:\\\/\\\/afric-eco.com\\\/?p=4914\",\"name\":\"\u00c9NERGIE ET INDUSTRIE : LE LANGAGE DE V\u00c9RIT\u00c9 FACE AUX USINES DE DOUALA - L&#039;\u00e9conomie en un clic...\",\"isPartOf\":{\"@id\":\"https:\\\/\\\/afric-eco.com\\\/#website\"},\"primaryImageOfPage\":{\"@id\":\"https:\\\/\\\/afric-eco.com\\\/?p=4914#primaryimage\"},\"image\":{\"@id\":\"https:\\\/\\\/afric-eco.com\\\/?p=4914#primaryimage\"},\"thumbnailUrl\":\"https:\\\/\\\/i0.wp.com\\\/afric-eco.com\\\/wp-content\\\/uploads\\\/2026\\\/01\\\/Screenshot_2026-01-22-22-38-30-93_42427a19113850fd668ccee6d4f57ee5.jpg?fit=2340%2C1080&ssl=1\",\"datePublished\":\"2026-01-22T21:53:53+00:00\",\"dateModified\":\"2026-01-22T23:03:43+00:00\",\"breadcrumb\":{\"@id\":\"https:\\\/\\\/afric-eco.com\\\/?p=4914#breadcrumb\"},\"inLanguage\":\"fr-FR\",\"potentialAction\":[{\"@type\":\"ReadAction\",\"target\":[\"https:\\\/\\\/afric-eco.com\\\/?p=4914\"]}]},{\"@type\":\"ImageObject\",\"inLanguage\":\"fr-FR\",\"@id\":\"https:\\\/\\\/afric-eco.com\\\/?p=4914#primaryimage\",\"url\":\"https:\\\/\\\/i0.wp.com\\\/afric-eco.com\\\/wp-content\\\/uploads\\\/2026\\\/01\\\/Screenshot_2026-01-22-22-38-30-93_42427a19113850fd668ccee6d4f57ee5.jpg?fit=2340%2C1080&ssl=1\",\"contentUrl\":\"https:\\\/\\\/i0.wp.com\\\/afric-eco.com\\\/wp-content\\\/uploads\\\/2026\\\/01\\\/Screenshot_2026-01-22-22-38-30-93_42427a19113850fd668ccee6d4f57ee5.jpg?fit=2340%2C1080&ssl=1\",\"width\":2340,\"height\":1080},{\"@type\":\"BreadcrumbList\",\"@id\":\"https:\\\/\\\/afric-eco.com\\\/?p=4914#breadcrumb\",\"itemListElement\":[{\"@type\":\"ListItem\",\"position\":1,\"name\":\"Accueil\",\"item\":\"https:\\\/\\\/afric-eco.com\\\/\"},{\"@type\":\"ListItem\",\"position\":2,\"name\":\"\u00c9NERGIE ET INDUSTRIE : LE LANGAGE DE V\u00c9RIT\u00c9 FACE AUX USINES DE DOUALA\"}]},{\"@type\":\"WebSite\",\"@id\":\"https:\\\/\\\/afric-eco.com\\\/#website\",\"url\":\"https:\\\/\\\/afric-eco.com\\\/\",\"name\":\"L'\u00e9conomie en un clic...\",\"description\":\"\",\"publisher\":{\"@id\":\"https:\\\/\\\/afric-eco.com\\\/#organization\"},\"alternateName\":\"Afric-eco\",\"potentialAction\":[{\"@type\":\"SearchAction\",\"target\":{\"@type\":\"EntryPoint\",\"urlTemplate\":\"https:\\\/\\\/afric-eco.com\\\/?s={search_term_string}\"},\"query-input\":{\"@type\":\"PropertyValueSpecification\",\"valueRequired\":true,\"valueName\":\"search_term_string\"}}],\"inLanguage\":\"fr-FR\"},{\"@type\":\"Organization\",\"@id\":\"https:\\\/\\\/afric-eco.com\\\/#organization\",\"name\":\"L'\u00e9conomie en un clic...\",\"url\":\"https:\\\/\\\/afric-eco.com\\\/\",\"logo\":{\"@type\":\"ImageObject\",\"inLanguage\":\"fr-FR\",\"@id\":\"https:\\\/\\\/afric-eco.com\\\/#\\\/schema\\\/logo\\\/image\\\/\",\"url\":\"https:\\\/\\\/i0.wp.com\\\/afric-eco.com\\\/wp-content\\\/uploads\\\/2024\\\/04\\\/cropped-download-12.jpg?fit=208%2C208&ssl=1\",\"contentUrl\":\"https:\\\/\\\/i0.wp.com\\\/afric-eco.com\\\/wp-content\\\/uploads\\\/2024\\\/04\\\/cropped-download-12.jpg?fit=208%2C208&ssl=1\",\"width\":208,\"height\":208,\"caption\":\"L'\u00e9conomie en un clic...\"},\"image\":{\"@id\":\"https:\\\/\\\/afric-eco.com\\\/#\\\/schema\\\/logo\\\/image\\\/\"},\"sameAs\":[\"https:\\\/\\\/facebook.com\\\/afric-eco\"]},{\"@type\":\"Person\",\"@id\":\"https:\\\/\\\/afric-eco.com\\\/#\\\/schema\\\/person\\\/a090b66d49948c966b9a3aa2b6b7656f\",\"name\":\"etienne\",\"image\":{\"@type\":\"ImageObject\",\"inLanguage\":\"fr-FR\",\"@id\":\"https:\\\/\\\/secure.gravatar.com\\\/avatar\\\/19265072a9840f8fa782268b5f05a3fdebea352e18b6604ec10f634dfb76760a?s=96&d=mm&r=g\",\"url\":\"https:\\\/\\\/secure.gravatar.com\\\/avatar\\\/19265072a9840f8fa782268b5f05a3fdebea352e18b6604ec10f634dfb76760a?s=96&d=mm&r=g\",\"contentUrl\":\"https:\\\/\\\/secure.gravatar.com\\\/avatar\\\/19265072a9840f8fa782268b5f05a3fdebea352e18b6604ec10f634dfb76760a?s=96&d=mm&r=g\",\"caption\":\"etienne\"},\"sameAs\":[\"http:\\\/\\\/afric-eco.com\"],\"url\":\"https:\\\/\\\/afric-eco.com\\\/?author=1\"}]}<\/script>\n<!-- \/ Yoast SEO plugin. -->","yoast_head_json":{"title":"\u00c9NERGIE ET INDUSTRIE : LE LANGAGE DE V\u00c9RIT\u00c9 FACE AUX USINES DE DOUALA - L&#039;\u00e9conomie en un clic...","robots":{"index":"index","follow":"follow","max-snippet":"max-snippet:-1","max-image-preview":"max-image-preview:large","max-video-preview":"max-video-preview:-1"},"canonical":"https:\/\/afric-eco.com\/?p=4914","og_locale":"fr_FR","og_type":"article","og_title":"\u00c9NERGIE ET INDUSTRIE : LE LANGAGE DE V\u00c9RIT\u00c9 FACE AUX USINES DE DOUALA - L&#039;\u00e9conomie en un clic...","og_description":"Au-del\u00e0 des promesses, l\u2019industrie exige de la visibilit\u00e9 Au si\u00e8ge du Groupement des Entreprises du Cameroun (GECAM) Jeudi 22 janvier","og_url":"https:\/\/afric-eco.com\/?p=4914","og_site_name":"L&#039;\u00e9conomie en un clic...","article_publisher":"https:\/\/facebook.com\/afric-eco","article_published_time":"2026-01-22T21:53:53+00:00","article_modified_time":"2026-01-22T23:03:43+00:00","og_image":[{"width":2340,"height":1080,"url":"http:\/\/afric-eco.com\/wp-content\/uploads\/2026\/01\/Screenshot_2026-01-22-22-38-30-93_42427a19113850fd668ccee6d4f57ee5.jpg","type":"image\/jpeg"}],"author":"etienne","twitter_card":"summary_large_image","twitter_misc":{"\u00c9crit par":"etienne","Dur\u00e9e de lecture estim\u00e9e":"5 minutes"},"schema":{"@context":"https:\/\/schema.org","@graph":[{"@type":"Article","@id":"https:\/\/afric-eco.com\/?p=4914#article","isPartOf":{"@id":"https:\/\/afric-eco.com\/?p=4914"},"author":{"name":"etienne","@id":"https:\/\/afric-eco.com\/#\/schema\/person\/a090b66d49948c966b9a3aa2b6b7656f"},"headline":"\u00c9NERGIE ET INDUSTRIE : LE LANGAGE DE V\u00c9RIT\u00c9 FACE AUX USINES DE DOUALA","datePublished":"2026-01-22T21:53:53+00:00","dateModified":"2026-01-22T23:03:43+00:00","mainEntityOfPage":{"@id":"https:\/\/afric-eco.com\/?p=4914"},"wordCount":680,"commentCount":0,"publisher":{"@id":"https:\/\/afric-eco.com\/#organization"},"image":{"@id":"https:\/\/afric-eco.com\/?p=4914#primaryimage"},"thumbnailUrl":"https:\/\/i0.wp.com\/afric-eco.com\/wp-content\/uploads\/2026\/01\/Screenshot_2026-01-22-22-38-30-93_42427a19113850fd668ccee6d4f57ee5.jpg?fit=2340%2C1080&ssl=1","articleSection":["Economie"],"inLanguage":"fr-FR","potentialAction":[{"@type":"CommentAction","name":"Comment","target":["https:\/\/afric-eco.com\/?p=4914#respond"]}]},{"@type":"WebPage","@id":"https:\/\/afric-eco.com\/?p=4914","url":"https:\/\/afric-eco.com\/?p=4914","name":"\u00c9NERGIE ET INDUSTRIE : LE LANGAGE DE V\u00c9RIT\u00c9 FACE AUX USINES DE DOUALA - L&#039;\u00e9conomie en un clic...","isPartOf":{"@id":"https:\/\/afric-eco.com\/#website"},"primaryImageOfPage":{"@id":"https:\/\/afric-eco.com\/?p=4914#primaryimage"},"image":{"@id":"https:\/\/afric-eco.com\/?p=4914#primaryimage"},"thumbnailUrl":"https:\/\/i0.wp.com\/afric-eco.com\/wp-content\/uploads\/2026\/01\/Screenshot_2026-01-22-22-38-30-93_42427a19113850fd668ccee6d4f57ee5.jpg?fit=2340%2C1080&ssl=1","datePublished":"2026-01-22T21:53:53+00:00","dateModified":"2026-01-22T23:03:43+00:00","breadcrumb":{"@id":"https:\/\/afric-eco.com\/?p=4914#breadcrumb"},"inLanguage":"fr-FR","potentialAction":[{"@type":"ReadAction","target":["https:\/\/afric-eco.com\/?p=4914"]}]},{"@type":"ImageObject","inLanguage":"fr-FR","@id":"https:\/\/afric-eco.com\/?p=4914#primaryimage","url":"https:\/\/i0.wp.com\/afric-eco.com\/wp-content\/uploads\/2026\/01\/Screenshot_2026-01-22-22-38-30-93_42427a19113850fd668ccee6d4f57ee5.jpg?fit=2340%2C1080&ssl=1","contentUrl":"https:\/\/i0.wp.com\/afric-eco.com\/wp-content\/uploads\/2026\/01\/Screenshot_2026-01-22-22-38-30-93_42427a19113850fd668ccee6d4f57ee5.jpg?fit=2340%2C1080&ssl=1","width":2340,"height":1080},{"@type":"BreadcrumbList","@id":"https:\/\/afric-eco.com\/?p=4914#breadcrumb","itemListElement":[{"@type":"ListItem","position":1,"name":"Accueil","item":"https:\/\/afric-eco.com\/"},{"@type":"ListItem","position":2,"name":"\u00c9NERGIE ET INDUSTRIE : LE LANGAGE DE V\u00c9RIT\u00c9 FACE AUX USINES DE DOUALA"}]},{"@type":"WebSite","@id":"https:\/\/afric-eco.com\/#website","url":"https:\/\/afric-eco.com\/","name":"L'\u00e9conomie en un clic...","description":"","publisher":{"@id":"https:\/\/afric-eco.com\/#organization"},"alternateName":"Afric-eco","potentialAction":[{"@type":"SearchAction","target":{"@type":"EntryPoint","urlTemplate":"https:\/\/afric-eco.com\/?s={search_term_string}"},"query-input":{"@type":"PropertyValueSpecification","valueRequired":true,"valueName":"search_term_string"}}],"inLanguage":"fr-FR"},{"@type":"Organization","@id":"https:\/\/afric-eco.com\/#organization","name":"L'\u00e9conomie en un clic...","url":"https:\/\/afric-eco.com\/","logo":{"@type":"ImageObject","inLanguage":"fr-FR","@id":"https:\/\/afric-eco.com\/#\/schema\/logo\/image\/","url":"https:\/\/i0.wp.com\/afric-eco.com\/wp-content\/uploads\/2024\/04\/cropped-download-12.jpg?fit=208%2C208&ssl=1","contentUrl":"https:\/\/i0.wp.com\/afric-eco.com\/wp-content\/uploads\/2024\/04\/cropped-download-12.jpg?fit=208%2C208&ssl=1","width":208,"height":208,"caption":"L'\u00e9conomie en un clic..."},"image":{"@id":"https:\/\/afric-eco.com\/#\/schema\/logo\/image\/"},"sameAs":["https:\/\/facebook.com\/afric-eco"]},{"@type":"Person","@id":"https:\/\/afric-eco.com\/#\/schema\/person\/a090b66d49948c966b9a3aa2b6b7656f","name":"etienne","image":{"@type":"ImageObject","inLanguage":"fr-FR","@id":"https:\/\/secure.gravatar.com\/avatar\/19265072a9840f8fa782268b5f05a3fdebea352e18b6604ec10f634dfb76760a?s=96&d=mm&r=g","url":"https:\/\/secure.gravatar.com\/avatar\/19265072a9840f8fa782268b5f05a3fdebea352e18b6604ec10f634dfb76760a?s=96&d=mm&r=g","contentUrl":"https:\/\/secure.gravatar.com\/avatar\/19265072a9840f8fa782268b5f05a3fdebea352e18b6604ec10f634dfb76760a?s=96&d=mm&r=g","caption":"etienne"},"sameAs":["http:\/\/afric-eco.com"],"url":"https:\/\/afric-eco.com\/?author=1"}]}},"jetpack_publicize_connections":[],"jetpack_featured_media_url":"https:\/\/i0.wp.com\/afric-eco.com\/wp-content\/uploads\/2026\/01\/Screenshot_2026-01-22-22-38-30-93_42427a19113850fd668ccee6d4f57ee5.jpg?fit=2340%2C1080&ssl=1","jetpack-related-posts":[{"id":3714,"url":"https:\/\/afric-eco.com\/?p=3714","url_meta":{"origin":4914,"position":0},"title":"Industrie du bois au Cameroun : Une flamb\u00e9e des prix r\u00e9v\u00e9latrice de d\u00e9fis structurels","author":"etienne","date":"23 septembre 2024","format":false,"excerpt":"L'Institut national de la statistique (INS) du Cameroun a r\u00e9cemment publi\u00e9 son analyse trimestrielle de l'Indice des prix \u00e0 la production industrielle (IPPI), r\u00e9v\u00e9lant une hausse significative des prix dans l'industrie du bois. Cette augmentation soul\u00e8ve des questions importantes sur la sant\u00e9 et la durabilit\u00e9 du secteur. Des chiffres alarmants\u2026","rel":"","context":"Dans &quot;Economie&quot;","block_context":{"text":"Economie","link":"https:\/\/afric-eco.com\/?cat=2"},"img":{"alt_text":"","src":"https:\/\/i0.wp.com\/afric-eco.com\/wp-content\/uploads\/2024\/09\/Screenshot_2024-09-23-19-49-48-92_92460851df6f172a4592fca41cc2d2e6.jpg?fit=1080%2C788&ssl=1&resize=350%2C200","width":350,"height":200,"srcset":"https:\/\/i0.wp.com\/afric-eco.com\/wp-content\/uploads\/2024\/09\/Screenshot_2024-09-23-19-49-48-92_92460851df6f172a4592fca41cc2d2e6.jpg?fit=1080%2C788&ssl=1&resize=350%2C200 1x, https:\/\/i0.wp.com\/afric-eco.com\/wp-content\/uploads\/2024\/09\/Screenshot_2024-09-23-19-49-48-92_92460851df6f172a4592fca41cc2d2e6.jpg?fit=1080%2C788&ssl=1&resize=525%2C300 1.5x, https:\/\/i0.wp.com\/afric-eco.com\/wp-content\/uploads\/2024\/09\/Screenshot_2024-09-23-19-49-48-92_92460851df6f172a4592fca41cc2d2e6.jpg?fit=1080%2C788&ssl=1&resize=700%2C400 2x, https:\/\/i0.wp.com\/afric-eco.com\/wp-content\/uploads\/2024\/09\/Screenshot_2024-09-23-19-49-48-92_92460851df6f172a4592fca41cc2d2e6.jpg?fit=1080%2C788&ssl=1&resize=1050%2C600 3x"},"classes":[]},{"id":4312,"url":"https:\/\/afric-eco.com\/?p=4312","url_meta":{"origin":4914,"position":1},"title":"PME\u2013PMI : Un levier strat\u00e9gique pour l\u2019\u00e9mergence industrielle du Cameroun","author":"etienne","date":"26 juin 2025","format":false,"excerpt":"\u00c0 la faveur de ses assembl\u00e9es g\u00e9n\u00e9rales tenues le 25 juin\u00a02025\u00a0\u00e0 Douala, le Syndicat des industriels du Cameroun (Syndustricam) a scell\u00e9 un partenariat structurant avec le minist\u00e8re des PME, de l\u2019\u00c9conomie sociale et de l\u2019Artisanat. Une dynamique ax\u00e9e sur la transformation locale, l\u2019industrialisation, et l\u2019int\u00e9gration des PME\u2013PMI dans les cha\u00eenes\u2026","rel":"","context":"Dans &quot;Economie&quot;","block_context":{"text":"Economie","link":"https:\/\/afric-eco.com\/?cat=2"},"img":{"alt_text":"","src":"https:\/\/i0.wp.com\/afric-eco.com\/wp-content\/uploads\/2025\/06\/Sequence-01.00_00_00_03.Still001-1.jpg?fit=1070%2C584&ssl=1&resize=350%2C200","width":350,"height":200,"srcset":"https:\/\/i0.wp.com\/afric-eco.com\/wp-content\/uploads\/2025\/06\/Sequence-01.00_00_00_03.Still001-1.jpg?fit=1070%2C584&ssl=1&resize=350%2C200 1x, https:\/\/i0.wp.com\/afric-eco.com\/wp-content\/uploads\/2025\/06\/Sequence-01.00_00_00_03.Still001-1.jpg?fit=1070%2C584&ssl=1&resize=525%2C300 1.5x, https:\/\/i0.wp.com\/afric-eco.com\/wp-content\/uploads\/2025\/06\/Sequence-01.00_00_00_03.Still001-1.jpg?fit=1070%2C584&ssl=1&resize=700%2C400 2x, https:\/\/i0.wp.com\/afric-eco.com\/wp-content\/uploads\/2025\/06\/Sequence-01.00_00_00_03.Still001-1.jpg?fit=1070%2C584&ssl=1&resize=1050%2C600 3x"},"classes":[]},{"id":1005,"url":"https:\/\/afric-eco.com\/?p=1005","url_meta":{"origin":4914,"position":2},"title":"JOURNEE MONDIALE DE L&rsquo;ENSEIGNANT : \u00ab\u00a0Les pagnes seront disponibles le jour dit\u00a0\u00bb Rassure la CICAM","author":"etienne","date":"25 septembre 2023","format":false,"excerpt":"Malgr\u00e9 des difficult\u00e9s financi\u00e8res, la CICAM r\u00e9pond \u00e0 la demande de pagne pour la Journ\u00e9e Mondiale de l'Enseignant au Cameroun La Cotonni\u00e8re Industrielle du Cameroun (CICAM) fait face \u00e0 des difficult\u00e9s financi\u00e8res, mais cela n'a pas emp\u00each\u00e9 les dirigeants de l'entreprise de r\u00e9pondre \u00e0 la demande croissante de pagne pour\u2026","rel":"","context":"Dans &quot;Soci\u00e9t\u00e9&quot;","block_context":{"text":"Soci\u00e9t\u00e9","link":"https:\/\/afric-eco.com\/?cat=13"},"img":{"alt_text":"","src":"https:\/\/i0.wp.com\/afric-eco.com\/wp-content\/uploads\/2023\/09\/watermark_lun._25092023_210402.png?fit=1080%2C1080&ssl=1&resize=350%2C200","width":350,"height":200,"srcset":"https:\/\/i0.wp.com\/afric-eco.com\/wp-content\/uploads\/2023\/09\/watermark_lun._25092023_210402.png?fit=1080%2C1080&ssl=1&resize=350%2C200 1x, https:\/\/i0.wp.com\/afric-eco.com\/wp-content\/uploads\/2023\/09\/watermark_lun._25092023_210402.png?fit=1080%2C1080&ssl=1&resize=525%2C300 1.5x, https:\/\/i0.wp.com\/afric-eco.com\/wp-content\/uploads\/2023\/09\/watermark_lun._25092023_210402.png?fit=1080%2C1080&ssl=1&resize=700%2C400 2x, https:\/\/i0.wp.com\/afric-eco.com\/wp-content\/uploads\/2023\/09\/watermark_lun._25092023_210402.png?fit=1080%2C1080&ssl=1&resize=1050%2C600 3x"},"classes":[]},{"id":3992,"url":"https:\/\/afric-eco.com\/?p=3992","url_meta":{"origin":4914,"position":3},"title":"Les Rencontres \u00c9conomiques du Cameroun\u00a02025\u00a0: Un tournant d\u00e9cisif pour la relance nationale","author":"etienne","date":"5 f\u00e9vrier 2025","format":false,"excerpt":"Un \u00e9v\u00e9nement strat\u00e9gique organis\u00e9 par le GECAM sous l\u2019\u00e9gide de C\u00e9lestin Tawamba Face aux mutations profondes de l\u2019\u00e9conomie mondiale, le Cameroun doit repenser son mod\u00e8le de croissance. C\u2019est dans cette dynamique que le Groupement des Entreprises du Cameroun (GECAM) organise les Rencontres \u00c9conomiques du Cameroun, un rendez-vous incontournable qui se\u2026","rel":"","context":"Dans &quot;Economie&quot;","block_context":{"text":"Economie","link":"https:\/\/afric-eco.com\/?cat=2"},"img":{"alt_text":"","src":"https:\/\/i0.wp.com\/afric-eco.com\/wp-content\/uploads\/2025\/02\/111.jpg?fit=1200%2C528&ssl=1&resize=350%2C200","width":350,"height":200,"srcset":"https:\/\/i0.wp.com\/afric-eco.com\/wp-content\/uploads\/2025\/02\/111.jpg?fit=1200%2C528&ssl=1&resize=350%2C200 1x, https:\/\/i0.wp.com\/afric-eco.com\/wp-content\/uploads\/2025\/02\/111.jpg?fit=1200%2C528&ssl=1&resize=525%2C300 1.5x, https:\/\/i0.wp.com\/afric-eco.com\/wp-content\/uploads\/2025\/02\/111.jpg?fit=1200%2C528&ssl=1&resize=700%2C400 2x, https:\/\/i0.wp.com\/afric-eco.com\/wp-content\/uploads\/2025\/02\/111.jpg?fit=1200%2C528&ssl=1&resize=1050%2C600 3x"},"classes":[]},{"id":4622,"url":"https:\/\/afric-eco.com\/?p=4622","url_meta":{"origin":4914,"position":4},"title":"Industrie m\u00e9tallurgique : Prometal Groupe injecte 88 milliards FCFA dans une usine de transformation d\u2019aluminium \u00e0 Douala","author":"etienne","date":"13 septembre 2025","format":false,"excerpt":"Avec le soutien massif de banques locales et de Proparco, le groupe camerounais pose les jalons d\u2019une r\u00e9volution industrielle dans la cha\u00eene de valeur de l\u2019aluminium. Un signal fort envoy\u00e9 aux investisseurs et \u00e0 l\u2019\u00e9conomie nationale. Le 12 septembre 2025 \u00e0 Douala dans une c\u00e9r\u00e9monie \u00e0 forte teneur \u00e9conomique et\u2026","rel":"","context":"Dans &quot;Economie&quot;","block_context":{"text":"Economie","link":"https:\/\/afric-eco.com\/?cat=2"},"img":{"alt_text":"","src":"https:\/\/i0.wp.com\/afric-eco.com\/wp-content\/uploads\/2025\/09\/PhotoMixer_1757746780765.jpg?fit=1080%2C722&ssl=1&resize=350%2C200","width":350,"height":200,"srcset":"https:\/\/i0.wp.com\/afric-eco.com\/wp-content\/uploads\/2025\/09\/PhotoMixer_1757746780765.jpg?fit=1080%2C722&ssl=1&resize=350%2C200 1x, https:\/\/i0.wp.com\/afric-eco.com\/wp-content\/uploads\/2025\/09\/PhotoMixer_1757746780765.jpg?fit=1080%2C722&ssl=1&resize=525%2C300 1.5x, https:\/\/i0.wp.com\/afric-eco.com\/wp-content\/uploads\/2025\/09\/PhotoMixer_1757746780765.jpg?fit=1080%2C722&ssl=1&resize=700%2C400 2x, https:\/\/i0.wp.com\/afric-eco.com\/wp-content\/uploads\/2025\/09\/PhotoMixer_1757746780765.jpg?fit=1080%2C722&ssl=1&resize=1050%2C600 3x"},"classes":[]},{"id":4987,"url":"https:\/\/afric-eco.com\/?p=4987","url_meta":{"origin":4914,"position":5},"title":"Commerce ext\u00e9rieur &#8211; La Chine ouvre grand son march\u00e9 : le Cameroun face au d\u00e9fi de la comp\u00e9titivit\u00e9","author":"etienne","date":"18 f\u00e9vrier 2026","format":false,"excerpt":"\u00c0 compter du 1er mai 2026, Xi Jinping activera un r\u00e9gime de \u00ab z\u00e9ro tarif \u00bb douanier sur la quasi-totalit\u00e9 des produits export\u00e9s vers la Chine par 53 pays africains partenaires diplomatiques, dont le Cameroun. Une d\u00e9cision \u00e0 forte port\u00e9e \u00e9conomique, susceptible de redessiner les flux commerciaux entre Yaound\u00e9 et\u2026","rel":"","context":"Dans &quot;Afrique&quot;","block_context":{"text":"Afrique","link":"https:\/\/afric-eco.com\/?cat=7"},"img":{"alt_text":"","src":"","width":0,"height":0},"classes":[]}],"jetpack_sharing_enabled":true,"_links":{"self":[{"href":"https:\/\/afric-eco.com\/index.php?rest_route=\/wp\/v2\/posts\/4914","targetHints":{"allow":["GET"]}}],"collection":[{"href":"https:\/\/afric-eco.com\/index.php?rest_route=\/wp\/v2\/posts"}],"about":[{"href":"https:\/\/afric-eco.com\/index.php?rest_route=\/wp\/v2\/types\/post"}],"author":[{"embeddable":true,"href":"https:\/\/afric-eco.com\/index.php?rest_route=\/wp\/v2\/users\/1"}],"replies":[{"embeddable":true,"href":"https:\/\/afric-eco.com\/index.php?rest_route=%2Fwp%2Fv2%2Fcomments&post=4914"}],"version-history":[{"count":4,"href":"https:\/\/afric-eco.com\/index.php?rest_route=\/wp\/v2\/posts\/4914\/revisions"}],"predecessor-version":[{"id":4928,"href":"https:\/\/afric-eco.com\/index.php?rest_route=\/wp\/v2\/posts\/4914\/revisions\/4928"}],"wp:featuredmedia":[{"embeddable":true,"href":"https:\/\/afric-eco.com\/index.php?rest_route=\/wp\/v2\/media\/4917"}],"wp:attachment":[{"href":"https:\/\/afric-eco.com\/index.php?rest_route=%2Fwp%2Fv2%2Fmedia&parent=4914"}],"wp:term":[{"taxonomy":"category","embeddable":true,"href":"https:\/\/afric-eco.com\/index.php?rest_route=%2Fwp%2Fv2%2Fcategories&post=4914"},{"taxonomy":"post_tag","embeddable":true,"href":"https:\/\/afric-eco.com\/index.php?rest_route=%2Fwp%2Fv2%2Ftags&post=4914"}],"curies":[{"name":"wp","href":"https:\/\/api.w.org\/{rel}","templated":true}]}}