{"id":289,"date":"2023-04-22T19:16:44","date_gmt":"2023-04-22T19:16:44","guid":{"rendered":"http:\/\/afric-eco.com\/?p=289"},"modified":"2023-04-22T19:16:46","modified_gmt":"2023-04-22T19:16:46","slug":"afrique-redhac-gabon","status":"publish","type":"post","link":"https:\/\/afric-eco.com\/?p=289","title":{"rendered":"AFRIQUE: REDHAC GABON"},"content":{"rendered":"\n<p class=\"wp-block-paragraph\">Le REDHAC renforce les capacit\u00e9s de ses membres.<\/p>\n\n\n\n<p class=\"wp-block-paragraph\">Lundi 17 Avril,2023, le R\u00e9seau des d\u00e9fenseurs des droits humains en Afrique centrale (REDHAC) a men\u00e9 une importante activit\u00e9 \u00e0 Libreville. Notamment un atelier de renforcement institutionnel au profit de ses membres.<br>Cette rencontre avait pour objectif de contribuer \u00e0 l\u2019ouverture de l\u2019espace civique \u00e0 travers le renforcement des capacit\u00e9s techniques institutionnelles et organisationnelles des coalitions, l\u2019appropriation et l\u2019usage des instruments relatif \u00e0 la d\u00e9mocratie et \u00e0 la gouvernance, le suivi et le reporting (compte rendu) des \u00e9lections, ainsi que l\u2019\u00e9valuation du plaidoyer en vue de l\u2019adoption de la loi portant protection et responsabilit\u00e9 du d\u00e9fenseur de droits humains.<\/p>\n\n\n\n<p class=\"wp-block-paragraph\">Cette activit\u00e9 se tient au moment o\u00f9 le pays organisera en ao\u00fbt prochain les prochaines \u00e9ch\u00e9ances \u00e9lectorales.<\/p>\n\n\n\n<p class=\"wp-block-paragraph\">Pour le pr\u00e9sident de la Commission Africaine des Droits de l\u2019Homme et des Peuples (CADHP), Pr R\u00e9my Ngoy Lumbu &lt;&lt;Je suis venu dans le cadre de l\u2019invitation du R\u00e9seau des d\u00e9fenseurs des droits humains en Afrique centrale pour participer \u00e0 un s\u00e9minaire sur le renforcement des capacit\u00e9s institutionnelles de la coalition nationale des Droits de l\u2019Homme, et aussi essayer d\u2019\u00e9valuer avec la soci\u00e9t\u00e9 civile, o\u00f9 en est le Gabon sur la question de la loi sur la protection des d\u00e9fenseurs des droits de l\u2019homme, parce que nous avons d\u00e9j\u00e0 invit\u00e9 tous les \u00c9tats d\u2019Afrique centrale \u00e0 adopter une loi qui prot\u00e8ge les d\u00e9fenseurs des droits de l\u2019homme \u00bb<\/p>\n\n\n\n<p class=\"wp-block-paragraph\">Durant ces moments le Pr R\u00e9my Ngoy Lumbu profita pour adresser un message d&rsquo;utilit\u00e9 capitale \u00e0 ces fr\u00e8res Gabonais a indiquant que \u201cGabon Review\u201d.<\/p>\n\n\n\n<p class=\"wp-block-paragraph\">\u00c0 l\u2019issue des travaux, une remise solennelle du mat\u00e9riel de travail (laptop, imprimante, t\u00e9l\u00e9phone, dotation de participation au frais de loyers, \u00e9lectricit\u00e9, eau et internet) a \u00e9t\u00e9 dirig\u00e9 par le pr\u00e9sident de la CADHP.<\/p>\n\n\n\n<p class=\"wp-block-paragraph\">Linda Mbiapa<\/p>\n\n\n\n<p class=\"wp-block-paragraph\"><\/p>\n","protected":false},"excerpt":{"rendered":"<p>Le REDHAC renforce les capacit\u00e9s de ses membres. Lundi 17 Avril,2023, le R\u00e9seau des d\u00e9fenseurs des droits humains en Afrique<\/p>\n","protected":false},"author":1,"featured_media":0,"comment_status":"open","ping_status":"open","sticky":false,"template":"","format":"standard","meta":{"colormag_page_container_layout":"default_layout","colormag_page_sidebar_layout":"default_layout","jetpack_post_was_ever_published":false,"_jetpack_newsletter_access":"","_jetpack_dont_email_post_to_subs":false,"_jetpack_newsletter_tier_id":0,"_jetpack_memberships_contains_paywalled_content":false,"_jetpack_memberships_contains_paid_content":false,"footnotes":"","jetpack_publicize_message":"","jetpack_publicize_feature_enabled":true,"jetpack_social_post_already_shared":false,"jetpack_social_options":{"image_generator_settings":{"template":"highway","default_image_id":0,"font":"","enabled":false},"version":2}},"categories":[7],"tags":[],"class_list":["post-289","post","type-post","status-publish","format-standard","hentry","category-afrique"],"yoast_head":"<!-- This site is optimized with the Yoast SEO plugin v27.4 - https:\/\/yoast.com\/product\/yoast-seo-wordpress\/ -->\n<title>AFRIQUE: REDHAC GABON - L&#039;\u00e9conomie en un clic...<\/title>\n<meta name=\"robots\" content=\"index, follow, max-snippet:-1, max-image-preview:large, max-video-preview:-1\" \/>\n<link rel=\"canonical\" href=\"https:\/\/afric-eco.com\/?p=289\" \/>\n<meta property=\"og:locale\" content=\"fr_FR\" \/>\n<meta property=\"og:type\" content=\"article\" \/>\n<meta property=\"og:title\" content=\"AFRIQUE: REDHAC GABON - L&#039;\u00e9conomie en un clic...\" \/>\n<meta property=\"og:description\" content=\"Le REDHAC renforce les capacit\u00e9s de ses membres. Lundi 17 Avril,2023, le R\u00e9seau des d\u00e9fenseurs des droits humains en Afrique\" \/>\n<meta property=\"og:url\" content=\"https:\/\/afric-eco.com\/?p=289\" \/>\n<meta property=\"og:site_name\" content=\"L&#039;\u00e9conomie en un clic...\" \/>\n<meta property=\"article:publisher\" content=\"https:\/\/facebook.com\/afric-eco\" \/>\n<meta property=\"article:published_time\" content=\"2023-04-22T19:16:44+00:00\" \/>\n<meta property=\"article:modified_time\" content=\"2023-04-22T19:16:46+00:00\" \/>\n<meta property=\"og:image\" content=\"https:\/\/i0.wp.com\/afric-eco.com\/wp-content\/uploads\/2024\/07\/download.png?fit=351%2C144&ssl=1\" \/>\n\t<meta property=\"og:image:width\" content=\"351\" \/>\n\t<meta property=\"og:image:height\" content=\"144\" \/>\n\t<meta property=\"og:image:type\" content=\"image\/png\" \/>\n<meta name=\"author\" content=\"etienne\" \/>\n<meta name=\"twitter:card\" content=\"summary_large_image\" \/>\n<meta name=\"twitter:label1\" content=\"\u00c9crit par\" \/>\n\t<meta name=\"twitter:data1\" content=\"etienne\" \/>\n\t<meta name=\"twitter:label2\" content=\"Dur\u00e9e de lecture estim\u00e9e\" \/>\n\t<meta name=\"twitter:data2\" content=\"2 minutes\" \/>\n<script type=\"application\/ld+json\" class=\"yoast-schema-graph\">{\"@context\":\"https:\\\/\\\/schema.org\",\"@graph\":[{\"@type\":\"Article\",\"@id\":\"https:\\\/\\\/afric-eco.com\\\/?p=289#article\",\"isPartOf\":{\"@id\":\"https:\\\/\\\/afric-eco.com\\\/?p=289\"},\"author\":{\"name\":\"etienne\",\"@id\":\"https:\\\/\\\/afric-eco.com\\\/#\\\/schema\\\/person\\\/a090b66d49948c966b9a3aa2b6b7656f\"},\"headline\":\"AFRIQUE: REDHAC GABON\",\"datePublished\":\"2023-04-22T19:16:44+00:00\",\"dateModified\":\"2023-04-22T19:16:46+00:00\",\"mainEntityOfPage\":{\"@id\":\"https:\\\/\\\/afric-eco.com\\\/?p=289\"},\"wordCount\":326,\"commentCount\":0,\"publisher\":{\"@id\":\"https:\\\/\\\/afric-eco.com\\\/#organization\"},\"articleSection\":[\"Afrique\"],\"inLanguage\":\"fr-FR\",\"potentialAction\":[{\"@type\":\"CommentAction\",\"name\":\"Comment\",\"target\":[\"https:\\\/\\\/afric-eco.com\\\/?p=289#respond\"]}]},{\"@type\":\"WebPage\",\"@id\":\"https:\\\/\\\/afric-eco.com\\\/?p=289\",\"url\":\"https:\\\/\\\/afric-eco.com\\\/?p=289\",\"name\":\"AFRIQUE: REDHAC GABON - L&#039;\u00e9conomie en un clic...\",\"isPartOf\":{\"@id\":\"https:\\\/\\\/afric-eco.com\\\/#website\"},\"datePublished\":\"2023-04-22T19:16:44+00:00\",\"dateModified\":\"2023-04-22T19:16:46+00:00\",\"breadcrumb\":{\"@id\":\"https:\\\/\\\/afric-eco.com\\\/?p=289#breadcrumb\"},\"inLanguage\":\"fr-FR\",\"potentialAction\":[{\"@type\":\"ReadAction\",\"target\":[\"https:\\\/\\\/afric-eco.com\\\/?p=289\"]}]},{\"@type\":\"BreadcrumbList\",\"@id\":\"https:\\\/\\\/afric-eco.com\\\/?p=289#breadcrumb\",\"itemListElement\":[{\"@type\":\"ListItem\",\"position\":1,\"name\":\"Accueil\",\"item\":\"https:\\\/\\\/afric-eco.com\\\/\"},{\"@type\":\"ListItem\",\"position\":2,\"name\":\"AFRIQUE: REDHAC GABON\"}]},{\"@type\":\"WebSite\",\"@id\":\"https:\\\/\\\/afric-eco.com\\\/#website\",\"url\":\"https:\\\/\\\/afric-eco.com\\\/\",\"name\":\"L'\u00e9conomie en un clic...\",\"description\":\"\",\"publisher\":{\"@id\":\"https:\\\/\\\/afric-eco.com\\\/#organization\"},\"alternateName\":\"Afric-eco\",\"potentialAction\":[{\"@type\":\"SearchAction\",\"target\":{\"@type\":\"EntryPoint\",\"urlTemplate\":\"https:\\\/\\\/afric-eco.com\\\/?s={search_term_string}\"},\"query-input\":{\"@type\":\"PropertyValueSpecification\",\"valueRequired\":true,\"valueName\":\"search_term_string\"}}],\"inLanguage\":\"fr-FR\"},{\"@type\":\"Organization\",\"@id\":\"https:\\\/\\\/afric-eco.com\\\/#organization\",\"name\":\"L'\u00e9conomie en un clic...\",\"url\":\"https:\\\/\\\/afric-eco.com\\\/\",\"logo\":{\"@type\":\"ImageObject\",\"inLanguage\":\"fr-FR\",\"@id\":\"https:\\\/\\\/afric-eco.com\\\/#\\\/schema\\\/logo\\\/image\\\/\",\"url\":\"https:\\\/\\\/i0.wp.com\\\/afric-eco.com\\\/wp-content\\\/uploads\\\/2024\\\/04\\\/cropped-download-12.jpg?fit=208%2C208&ssl=1\",\"contentUrl\":\"https:\\\/\\\/i0.wp.com\\\/afric-eco.com\\\/wp-content\\\/uploads\\\/2024\\\/04\\\/cropped-download-12.jpg?fit=208%2C208&ssl=1\",\"width\":208,\"height\":208,\"caption\":\"L'\u00e9conomie en un clic...\"},\"image\":{\"@id\":\"https:\\\/\\\/afric-eco.com\\\/#\\\/schema\\\/logo\\\/image\\\/\"},\"sameAs\":[\"https:\\\/\\\/facebook.com\\\/afric-eco\"]},{\"@type\":\"Person\",\"@id\":\"https:\\\/\\\/afric-eco.com\\\/#\\\/schema\\\/person\\\/a090b66d49948c966b9a3aa2b6b7656f\",\"name\":\"etienne\",\"image\":{\"@type\":\"ImageObject\",\"inLanguage\":\"fr-FR\",\"@id\":\"https:\\\/\\\/secure.gravatar.com\\\/avatar\\\/19265072a9840f8fa782268b5f05a3fdebea352e18b6604ec10f634dfb76760a?s=96&d=mm&r=g\",\"url\":\"https:\\\/\\\/secure.gravatar.com\\\/avatar\\\/19265072a9840f8fa782268b5f05a3fdebea352e18b6604ec10f634dfb76760a?s=96&d=mm&r=g\",\"contentUrl\":\"https:\\\/\\\/secure.gravatar.com\\\/avatar\\\/19265072a9840f8fa782268b5f05a3fdebea352e18b6604ec10f634dfb76760a?s=96&d=mm&r=g\",\"caption\":\"etienne\"},\"sameAs\":[\"http:\\\/\\\/afric-eco.com\"],\"url\":\"https:\\\/\\\/afric-eco.com\\\/?author=1\"}]}<\/script>\n<!-- \/ Yoast SEO plugin. -->","yoast_head_json":{"title":"AFRIQUE: REDHAC GABON - L&#039;\u00e9conomie en un clic...","robots":{"index":"index","follow":"follow","max-snippet":"max-snippet:-1","max-image-preview":"max-image-preview:large","max-video-preview":"max-video-preview:-1"},"canonical":"https:\/\/afric-eco.com\/?p=289","og_locale":"fr_FR","og_type":"article","og_title":"AFRIQUE: REDHAC GABON - L&#039;\u00e9conomie en un clic...","og_description":"Le REDHAC renforce les capacit\u00e9s de ses membres. Lundi 17 Avril,2023, le R\u00e9seau des d\u00e9fenseurs des droits humains en Afrique","og_url":"https:\/\/afric-eco.com\/?p=289","og_site_name":"L&#039;\u00e9conomie en un clic...","article_publisher":"https:\/\/facebook.com\/afric-eco","article_published_time":"2023-04-22T19:16:44+00:00","article_modified_time":"2023-04-22T19:16:46+00:00","og_image":[{"width":351,"height":144,"url":"https:\/\/i0.wp.com\/afric-eco.com\/wp-content\/uploads\/2024\/07\/download.png?fit=351%2C144&ssl=1","type":"image\/png"}],"author":"etienne","twitter_card":"summary_large_image","twitter_misc":{"\u00c9crit par":"etienne","Dur\u00e9e de lecture estim\u00e9e":"2 minutes"},"schema":{"@context":"https:\/\/schema.org","@graph":[{"@type":"Article","@id":"https:\/\/afric-eco.com\/?p=289#article","isPartOf":{"@id":"https:\/\/afric-eco.com\/?p=289"},"author":{"name":"etienne","@id":"https:\/\/afric-eco.com\/#\/schema\/person\/a090b66d49948c966b9a3aa2b6b7656f"},"headline":"AFRIQUE: REDHAC GABON","datePublished":"2023-04-22T19:16:44+00:00","dateModified":"2023-04-22T19:16:46+00:00","mainEntityOfPage":{"@id":"https:\/\/afric-eco.com\/?p=289"},"wordCount":326,"commentCount":0,"publisher":{"@id":"https:\/\/afric-eco.com\/#organization"},"articleSection":["Afrique"],"inLanguage":"fr-FR","potentialAction":[{"@type":"CommentAction","name":"Comment","target":["https:\/\/afric-eco.com\/?p=289#respond"]}]},{"@type":"WebPage","@id":"https:\/\/afric-eco.com\/?p=289","url":"https:\/\/afric-eco.com\/?p=289","name":"AFRIQUE: REDHAC GABON - L&#039;\u00e9conomie en un clic...","isPartOf":{"@id":"https:\/\/afric-eco.com\/#website"},"datePublished":"2023-04-22T19:16:44+00:00","dateModified":"2023-04-22T19:16:46+00:00","breadcrumb":{"@id":"https:\/\/afric-eco.com\/?p=289#breadcrumb"},"inLanguage":"fr-FR","potentialAction":[{"@type":"ReadAction","target":["https:\/\/afric-eco.com\/?p=289"]}]},{"@type":"BreadcrumbList","@id":"https:\/\/afric-eco.com\/?p=289#breadcrumb","itemListElement":[{"@type":"ListItem","position":1,"name":"Accueil","item":"https:\/\/afric-eco.com\/"},{"@type":"ListItem","position":2,"name":"AFRIQUE: REDHAC GABON"}]},{"@type":"WebSite","@id":"https:\/\/afric-eco.com\/#website","url":"https:\/\/afric-eco.com\/","name":"L'\u00e9conomie en un clic...","description":"","publisher":{"@id":"https:\/\/afric-eco.com\/#organization"},"alternateName":"Afric-eco","potentialAction":[{"@type":"SearchAction","target":{"@type":"EntryPoint","urlTemplate":"https:\/\/afric-eco.com\/?s={search_term_string}"},"query-input":{"@type":"PropertyValueSpecification","valueRequired":true,"valueName":"search_term_string"}}],"inLanguage":"fr-FR"},{"@type":"Organization","@id":"https:\/\/afric-eco.com\/#organization","name":"L'\u00e9conomie en un clic...","url":"https:\/\/afric-eco.com\/","logo":{"@type":"ImageObject","inLanguage":"fr-FR","@id":"https:\/\/afric-eco.com\/#\/schema\/logo\/image\/","url":"https:\/\/i0.wp.com\/afric-eco.com\/wp-content\/uploads\/2024\/04\/cropped-download-12.jpg?fit=208%2C208&ssl=1","contentUrl":"https:\/\/i0.wp.com\/afric-eco.com\/wp-content\/uploads\/2024\/04\/cropped-download-12.jpg?fit=208%2C208&ssl=1","width":208,"height":208,"caption":"L'\u00e9conomie en un clic..."},"image":{"@id":"https:\/\/afric-eco.com\/#\/schema\/logo\/image\/"},"sameAs":["https:\/\/facebook.com\/afric-eco"]},{"@type":"Person","@id":"https:\/\/afric-eco.com\/#\/schema\/person\/a090b66d49948c966b9a3aa2b6b7656f","name":"etienne","image":{"@type":"ImageObject","inLanguage":"fr-FR","@id":"https:\/\/secure.gravatar.com\/avatar\/19265072a9840f8fa782268b5f05a3fdebea352e18b6604ec10f634dfb76760a?s=96&d=mm&r=g","url":"https:\/\/secure.gravatar.com\/avatar\/19265072a9840f8fa782268b5f05a3fdebea352e18b6604ec10f634dfb76760a?s=96&d=mm&r=g","contentUrl":"https:\/\/secure.gravatar.com\/avatar\/19265072a9840f8fa782268b5f05a3fdebea352e18b6604ec10f634dfb76760a?s=96&d=mm&r=g","caption":"etienne"},"sameAs":["http:\/\/afric-eco.com"],"url":"https:\/\/afric-eco.com\/?author=1"}]}},"jetpack_publicize_connections":[],"jetpack_featured_media_url":"","jetpack-related-posts":[{"id":5902,"url":"https:\/\/afric-eco.com\/?p=5902","url_meta":{"origin":289,"position":0},"title":"March\u00e9s de capitaux : le Cameroun mise sur le droit pour renforcer son leadership financier en Afrique centrale","author":"etienne","date":"29 juillet 2026","format":false,"excerpt":"La transformation des march\u00e9s financiers ne repose plus seulement sur les innovations technologiques. Elle d\u00e9pend d\u00e9sormais de la capacit\u00e9 des \u00c9tats \u00e0 b\u00e2tir un environnement juridique cr\u00e9dible, capable de rassurer les investisseurs et de fluidifier les \u00e9changes. C'est ce pari qu'entend relever le Cameroun avec l'acc\u00e9l\u00e9ration de la d\u00e9mat\u00e9rialisation des\u2026","rel":"","context":"Dans &quot;Economie&quot;","block_context":{"text":"Economie","link":"https:\/\/afric-eco.com\/?cat=2"},"img":{"alt_text":"","src":"https:\/\/i0.wp.com\/afric-eco.com\/wp-content\/uploads\/2026\/07\/Screenshot_2026-07-29-20-02-31-61_a23b203fd3aafc6dcb84e438dda678b6.jpg?fit=1080%2C712&ssl=1&resize=350%2C200","width":350,"height":200,"srcset":"https:\/\/i0.wp.com\/afric-eco.com\/wp-content\/uploads\/2026\/07\/Screenshot_2026-07-29-20-02-31-61_a23b203fd3aafc6dcb84e438dda678b6.jpg?fit=1080%2C712&ssl=1&resize=350%2C200 1x, https:\/\/i0.wp.com\/afric-eco.com\/wp-content\/uploads\/2026\/07\/Screenshot_2026-07-29-20-02-31-61_a23b203fd3aafc6dcb84e438dda678b6.jpg?fit=1080%2C712&ssl=1&resize=525%2C300 1.5x, https:\/\/i0.wp.com\/afric-eco.com\/wp-content\/uploads\/2026\/07\/Screenshot_2026-07-29-20-02-31-61_a23b203fd3aafc6dcb84e438dda678b6.jpg?fit=1080%2C712&ssl=1&resize=700%2C400 2x, https:\/\/i0.wp.com\/afric-eco.com\/wp-content\/uploads\/2026\/07\/Screenshot_2026-07-29-20-02-31-61_a23b203fd3aafc6dcb84e438dda678b6.jpg?fit=1080%2C712&ssl=1&resize=1050%2C600 3x"},"classes":[]},{"id":188,"url":"https:\/\/afric-eco.com\/?p=188","url_meta":{"origin":289,"position":1},"title":"G\u00c9OSTRATEGIE : Partenariat Multiforme FAO et COREP .","author":"etienne","date":"14 avril 2023","format":false,"excerpt":"Guy R\u00e9n\u00e9 MIMBANG, Repr\u00e9sentant du MINEPIA","rel":"","context":"Dans &quot;Economie&quot;","block_context":{"text":"Economie","link":"https:\/\/afric-eco.com\/?cat=2"},"img":{"alt_text":"","src":"https:\/\/i0.wp.com\/afric-eco.com\/wp-content\/uploads\/2023\/04\/Eco.jpg?fit=600%2C338&ssl=1&resize=350%2C200","width":350,"height":200,"srcset":"https:\/\/i0.wp.com\/afric-eco.com\/wp-content\/uploads\/2023\/04\/Eco.jpg?fit=600%2C338&ssl=1&resize=350%2C200 1x, https:\/\/i0.wp.com\/afric-eco.com\/wp-content\/uploads\/2023\/04\/Eco.jpg?fit=600%2C338&ssl=1&resize=525%2C300 1.5x"},"classes":[]},{"id":5805,"url":"https:\/\/afric-eco.com\/?p=5805","url_meta":{"origin":289,"position":2},"title":"PAD : Cameroun\u2013France \/ Douala et Bordeaux consolident leur alliance pour renforcer la comp\u00e9titivit\u00e9 portuaire de l&rsquo;Afrique centrale","author":"etienne","date":"9 juillet 2026","format":false,"excerpt":"\u00c0 l'heure o\u00f9 les ports africains acc\u00e9l\u00e8rent leur transformation pour r\u00e9pondre aux nouvelles exigences du commerce mondial, le Port Autonome de Douala (PAD) et le Grand Port Maritime de Bordeaux (GPMB) ont choisi de renforcer leur partenariat strat\u00e9gique. Jeudi 9 juillet 2026, le Directeur g\u00e9n\u00e9ral du PAD, Cyrus NGO'O, et\u2026","rel":"","context":"Dans &quot;Economie&quot;","block_context":{"text":"Economie","link":"https:\/\/afric-eco.com\/?cat=2"},"img":{"alt_text":"","src":"https:\/\/i0.wp.com\/afric-eco.com\/wp-content\/uploads\/2026\/07\/Screenshot_2026-07-09-20-27-59-81_a23b203fd3aafc6dcb84e438dda678b6.jpg?fit=530%2C532&ssl=1&resize=350%2C200","width":350,"height":200,"srcset":"https:\/\/i0.wp.com\/afric-eco.com\/wp-content\/uploads\/2026\/07\/Screenshot_2026-07-09-20-27-59-81_a23b203fd3aafc6dcb84e438dda678b6.jpg?fit=530%2C532&ssl=1&resize=350%2C200 1x, https:\/\/i0.wp.com\/afric-eco.com\/wp-content\/uploads\/2026\/07\/Screenshot_2026-07-09-20-27-59-81_a23b203fd3aafc6dcb84e438dda678b6.jpg?fit=530%2C532&ssl=1&resize=525%2C300 1.5x"},"classes":[]},{"id":1902,"url":"https:\/\/afric-eco.com\/?p=1902","url_meta":{"origin":289,"position":3},"title":"SOUS R\u00c9GION AFRIQUE CENTRALE : GESTION ET PROTECTION DE LA NATURE .","author":"etienne","date":"19 d\u00e9cembre 2023","format":false,"excerpt":"La FAO Accompagne Les \u00c9tats De l'Afrique Centrale Pour Faire Face Et G\u00e9rer Efficacement Les Impacts Des Changements Climatiques(CC) Ainsi que Les Crises Et Catastrophes Environnementales. C'est en faveur d'un Atelier Sous R\u00e9gional sur le Renforcement des capacit\u00e9s en changement Climatique , gestion de l'Environnement , crises et catastrophes Environnementales\u2026","rel":"","context":"Dans &quot;Afrique&quot;","block_context":{"text":"Afrique","link":"https:\/\/afric-eco.com\/?cat=7"},"img":{"alt_text":"","src":"https:\/\/i0.wp.com\/afric-eco.com\/wp-content\/uploads\/2023\/12\/watermark_mar._19122023_130045.png?fit=1080%2C1080&ssl=1&resize=350%2C200","width":350,"height":200,"srcset":"https:\/\/i0.wp.com\/afric-eco.com\/wp-content\/uploads\/2023\/12\/watermark_mar._19122023_130045.png?fit=1080%2C1080&ssl=1&resize=350%2C200 1x, https:\/\/i0.wp.com\/afric-eco.com\/wp-content\/uploads\/2023\/12\/watermark_mar._19122023_130045.png?fit=1080%2C1080&ssl=1&resize=525%2C300 1.5x, https:\/\/i0.wp.com\/afric-eco.com\/wp-content\/uploads\/2023\/12\/watermark_mar._19122023_130045.png?fit=1080%2C1080&ssl=1&resize=700%2C400 2x, https:\/\/i0.wp.com\/afric-eco.com\/wp-content\/uploads\/2023\/12\/watermark_mar._19122023_130045.png?fit=1080%2C1080&ssl=1&resize=1050%2C600 3x"},"classes":[]},{"id":4064,"url":"https:\/\/afric-eco.com\/?p=4064","url_meta":{"origin":289,"position":4},"title":"Vers une Int\u00e9gration \u00c9conomique Renforc\u00e9e en Afrique Centrale : La CEEAC et la CEMAC en Synergie","author":"etienne","date":"18 f\u00e9vrier 2025","format":false,"excerpt":"Dans un contexte de mondialisation et de comp\u00e9tition \u00e9conomique accrue, l'Afrique Centrale mise sur l'int\u00e9gration r\u00e9gionale pour dynamiser son \u00e9conomie. La Communaut\u00e9 \u00c9conomique des \u00c9tats de l'Afrique Centrale (CEEAC) et la Communaut\u00e9 \u00c9conomique et Mon\u00e9taire de l'Afrique Centrale (CEMAC) ont ainsi donn\u00e9 le coup d'envoi d'une r\u00e9union conjointe de leurs\u2026","rel":"","context":"Dans &quot;Afrique&quot;","block_context":{"text":"Afrique","link":"https:\/\/afric-eco.com\/?cat=7"},"img":{"alt_text":"","src":"https:\/\/i0.wp.com\/afric-eco.com\/wp-content\/uploads\/2025\/02\/Screenshot_2025-02-18-21-32-13-36_92460851df6f172a4592fca41cc2d2e6.jpg?fit=1035%2C658&ssl=1&resize=350%2C200","width":350,"height":200,"srcset":"https:\/\/i0.wp.com\/afric-eco.com\/wp-content\/uploads\/2025\/02\/Screenshot_2025-02-18-21-32-13-36_92460851df6f172a4592fca41cc2d2e6.jpg?fit=1035%2C658&ssl=1&resize=350%2C200 1x, https:\/\/i0.wp.com\/afric-eco.com\/wp-content\/uploads\/2025\/02\/Screenshot_2025-02-18-21-32-13-36_92460851df6f172a4592fca41cc2d2e6.jpg?fit=1035%2C658&ssl=1&resize=525%2C300 1.5x, https:\/\/i0.wp.com\/afric-eco.com\/wp-content\/uploads\/2025\/02\/Screenshot_2025-02-18-21-32-13-36_92460851df6f172a4592fca41cc2d2e6.jpg?fit=1035%2C658&ssl=1&resize=700%2C400 2x"},"classes":[]},{"id":5863,"url":"https:\/\/afric-eco.com\/?p=5863","url_meta":{"origin":289,"position":5},"title":"PROMETAL consolide une fili\u00e8re industrielle r\u00e9gionale du GPL et renforce l&rsquo;attractivit\u00e9 \u00e9conomique de l&rsquo;Afrique centrale","author":"etienne","date":"23 juillet 2026","format":false,"excerpt":"La visite d'une d\u00e9l\u00e9gation de TotalEnergies au sein des installations de PROGAZ, filiale du Groupe PROMETAL sp\u00e9cialis\u00e9e dans la fabrication de bouteilles et d'\u00e9quipements destin\u00e9s au gaz de p\u00e9trole liqu\u00e9fi\u00e9 (GPL), d\u00e9passe le simple cadre d'une rencontre institutionnelle. Elle illustre une \u00e9volution structurelle de l'industrie en Afrique centrale : l'\u00e9mergence\u2026","rel":"","context":"Dans &quot;Economie&quot;","block_context":{"text":"Economie","link":"https:\/\/afric-eco.com\/?cat=2"},"img":{"alt_text":"","src":"https:\/\/i0.wp.com\/afric-eco.com\/wp-content\/uploads\/2026\/07\/Screenshot_2026-07-23-18-43-05-49_a23b203fd3aafc6dcb84e438dda678b6-1.jpg?fit=1080%2C725&ssl=1&resize=350%2C200","width":350,"height":200,"srcset":"https:\/\/i0.wp.com\/afric-eco.com\/wp-content\/uploads\/2026\/07\/Screenshot_2026-07-23-18-43-05-49_a23b203fd3aafc6dcb84e438dda678b6-1.jpg?fit=1080%2C725&ssl=1&resize=350%2C200 1x, https:\/\/i0.wp.com\/afric-eco.com\/wp-content\/uploads\/2026\/07\/Screenshot_2026-07-23-18-43-05-49_a23b203fd3aafc6dcb84e438dda678b6-1.jpg?fit=1080%2C725&ssl=1&resize=525%2C300 1.5x, https:\/\/i0.wp.com\/afric-eco.com\/wp-content\/uploads\/2026\/07\/Screenshot_2026-07-23-18-43-05-49_a23b203fd3aafc6dcb84e438dda678b6-1.jpg?fit=1080%2C725&ssl=1&resize=700%2C400 2x, https:\/\/i0.wp.com\/afric-eco.com\/wp-content\/uploads\/2026\/07\/Screenshot_2026-07-23-18-43-05-49_a23b203fd3aafc6dcb84e438dda678b6-1.jpg?fit=1080%2C725&ssl=1&resize=1050%2C600 3x"},"classes":[]}],"jetpack_sharing_enabled":true,"_links":{"self":[{"href":"https:\/\/afric-eco.com\/index.php?rest_route=\/wp\/v2\/posts\/289","targetHints":{"allow":["GET"]}}],"collection":[{"href":"https:\/\/afric-eco.com\/index.php?rest_route=\/wp\/v2\/posts"}],"about":[{"href":"https:\/\/afric-eco.com\/index.php?rest_route=\/wp\/v2\/types\/post"}],"author":[{"embeddable":true,"href":"https:\/\/afric-eco.com\/index.php?rest_route=\/wp\/v2\/users\/1"}],"replies":[{"embeddable":true,"href":"https:\/\/afric-eco.com\/index.php?rest_route=%2Fwp%2Fv2%2Fcomments&post=289"}],"version-history":[{"count":1,"href":"https:\/\/afric-eco.com\/index.php?rest_route=\/wp\/v2\/posts\/289\/revisions"}],"predecessor-version":[{"id":290,"href":"https:\/\/afric-eco.com\/index.php?rest_route=\/wp\/v2\/posts\/289\/revisions\/290"}],"wp:attachment":[{"href":"https:\/\/afric-eco.com\/index.php?rest_route=%2Fwp%2Fv2%2Fmedia&parent=289"}],"wp:term":[{"taxonomy":"category","embeddable":true,"href":"https:\/\/afric-eco.com\/index.php?rest_route=%2Fwp%2Fv2%2Fcategories&post=289"},{"taxonomy":"post_tag","embeddable":true,"href":"https:\/\/afric-eco.com\/index.php?rest_route=%2Fwp%2Fv2%2Ftags&post=289"}],"curies":[{"name":"wp","href":"https:\/\/api.w.org\/{rel}","templated":true}]}}