{"id":1475,"date":"2023-10-30T19:02:36","date_gmt":"2023-10-30T19:02:36","guid":{"rendered":"http:\/\/afric-eco.com\/?p=1475"},"modified":"2023-10-30T19:03:57","modified_gmt":"2023-10-30T19:03:57","slug":"une-epidemie-de-conjonctivite-touche-les-etablissements-scolaires-au-cameroun","status":"publish","type":"post","link":"https:\/\/afric-eco.com\/?p=1475","title":{"rendered":"Une \u00e9pid\u00e9mie de conjonctivite touche les \u00e9tablissements scolaires au Cameroun"},"content":{"rendered":"\n<figure class=\"wp-block-image alignright size-large is-resized\"><img data-recalc-dims=\"1\" loading=\"lazy\" decoding=\"async\" width=\"473\" height=\"1024\" src=\"https:\/\/i0.wp.com\/afric-eco.com\/wp-content\/uploads\/2023\/10\/Screenshot_2023-10-30-20-37-46-44_f598e1360c96b5a5aa16536c303cff92.jpg?resize=473%2C1024\" alt=\"\" class=\"wp-image-1477\" style=\"aspect-ratio:0.4619140625;width:152px;height:auto\" srcset=\"https:\/\/i0.wp.com\/afric-eco.com\/wp-content\/uploads\/2023\/10\/Screenshot_2023-10-30-20-37-46-44_f598e1360c96b5a5aa16536c303cff92.jpg?resize=473%2C1024&amp;ssl=1 473w, https:\/\/i0.wp.com\/afric-eco.com\/wp-content\/uploads\/2023\/10\/Screenshot_2023-10-30-20-37-46-44_f598e1360c96b5a5aa16536c303cff92.jpg?resize=138%2C300&amp;ssl=1 138w, https:\/\/i0.wp.com\/afric-eco.com\/wp-content\/uploads\/2023\/10\/Screenshot_2023-10-30-20-37-46-44_f598e1360c96b5a5aa16536c303cff92.jpg?resize=768%2C1664&amp;ssl=1 768w, https:\/\/i0.wp.com\/afric-eco.com\/wp-content\/uploads\/2023\/10\/Screenshot_2023-10-30-20-37-46-44_f598e1360c96b5a5aa16536c303cff92.jpg?resize=709%2C1536&amp;ssl=1 709w, https:\/\/i0.wp.com\/afric-eco.com\/wp-content\/uploads\/2023\/10\/Screenshot_2023-10-30-20-37-46-44_f598e1360c96b5a5aa16536c303cff92.jpg?resize=945%2C2048&amp;ssl=1 945w, https:\/\/i0.wp.com\/afric-eco.com\/wp-content\/uploads\/2023\/10\/Screenshot_2023-10-30-20-37-46-44_f598e1360c96b5a5aa16536c303cff92.jpg?w=1080&amp;ssl=1 1080w\" sizes=\"auto, (max-width: 473px) 100vw, 473px\" \/><\/figure>\n\n\n\n<p class=\"wp-block-paragraph\">Le Ministre de la Sant\u00e9 Publique, Dr MANAOUDA Malachie, a inform\u00e9 l&rsquo;opinion publique de l&rsquo;apparition d&rsquo;une \u00e9pid\u00e9mie de conjonctivite sur le territoire camerounais, principalement dans les \u00e9tablissements scolaires. Cette maladie infectieuse des yeux, caract\u00e9ris\u00e9e par une rougeur et des sympt\u00f4mes tels que d\u00e9mangeaisons, \u00e9coulement et paupi\u00e8res coll\u00e9es, est g\u00e9n\u00e9ralement d&rsquo;origine virale et tr\u00e8s contagieuse.<\/p>\n\n\n\n<p class=\"wp-block-paragraph\">Face \u00e0 cette situation pr\u00e9occupante, le Ministre de la Sant\u00e9 Publique exhorte la population \u00e0 se rendre dans le centre de sant\u00e9 le plus proche en cas de sympt\u00f4mes. Il invite \u00e9galement \u00e0 respecter les mesures de pr\u00e9vention, notamment en se lavant r\u00e9guli\u00e8rement les mains avec de l&rsquo;eau et du savon, en utilisant une solution hydroalcoolique, en \u00e9vitant de se frotter les yeux ou de toucher son visage en cas de sympt\u00f4mes, en excluant les personnes atteintes de conjonctivite des milieux scolaires et professionnels, en limitant le contact rapproch\u00e9 avec les personnes malades et en privil\u00e9giant l&rsquo;utilisation de serviettes ou de mouchoirs \u00e0 usage unique.<\/p>\n\n\n\n<p class=\"wp-block-paragraph\">Le Dr MANAOUDA Malachie rappelle aux professionnels de sant\u00e9 l&rsquo;importance de respecter les r\u00e8gles de pr\u00e9vention et de contr\u00f4le de l&rsquo;infection. Un num\u00e9ro vert, le 1510, est mis \u00e0 disposition pour toute information suppl\u00e9mentaire.<\/p>\n\n\n\n<p class=\"wp-block-paragraph\">Cette \u00e9pid\u00e9mie de conjonctivite constitue un risque majeur de propagation en communaut\u00e9, notamment dans les \u00e9tablissements scolaires o\u00f9 de nombreux cas ont \u00e9t\u00e9 recens\u00e9s. Il est donc imp\u00e9ratif de prendre des mesures de pr\u00e9vention et d&rsquo;adopter des gestes simples pour limiter la propagation de la maladie. Les autorit\u00e9s sanitaires appellent \u00e0 une vigilance accrue et \u00e0 une coop\u00e9ration de tous pour endiguer cette \u00e9pid\u00e9mie de conjonctivite rapidement et efficacement.<\/p>\n\n\n\n<p class=\"wp-block-paragraph\">Afric-eco\/Etienne MONTHE<\/p>\n","protected":false},"excerpt":{"rendered":"<p>Le Ministre de la Sant\u00e9 Publique, Dr MANAOUDA Malachie, a inform\u00e9 l&rsquo;opinion publique de l&rsquo;apparition d&rsquo;une \u00e9pid\u00e9mie de conjonctivite sur<\/p>\n","protected":false},"author":1,"featured_media":1476,"comment_status":"open","ping_status":"open","sticky":false,"template":"","format":"standard","meta":{"colormag_page_container_layout":"default_layout","colormag_page_sidebar_layout":"default_layout","jetpack_post_was_ever_published":false,"_jetpack_newsletter_access":"","_jetpack_dont_email_post_to_subs":false,"_jetpack_newsletter_tier_id":0,"_jetpack_memberships_contains_paywalled_content":false,"_jetpack_memberships_contains_paid_content":false,"footnotes":"","jetpack_publicize_message":"","jetpack_publicize_feature_enabled":true,"jetpack_social_post_already_shared":false,"jetpack_social_options":{"image_generator_settings":{"template":"highway","default_image_id":0,"font":"","enabled":false},"version":2}},"categories":[15],"tags":[],"class_list":["post-1475","post","type-post","status-publish","format-standard","has-post-thumbnail","hentry","category-sante"],"yoast_head":"<!-- This site is optimized with the Yoast SEO plugin v27.4 - https:\/\/yoast.com\/product\/yoast-seo-wordpress\/ -->\n<title>Une \u00e9pid\u00e9mie de conjonctivite touche les \u00e9tablissements scolaires au Cameroun - L&#039;\u00e9conomie en un clic...<\/title>\n<meta name=\"robots\" content=\"index, follow, max-snippet:-1, max-image-preview:large, max-video-preview:-1\" \/>\n<link rel=\"canonical\" href=\"https:\/\/afric-eco.com\/?p=1475\" \/>\n<meta property=\"og:locale\" content=\"fr_FR\" \/>\n<meta property=\"og:type\" content=\"article\" \/>\n<meta property=\"og:title\" content=\"Une \u00e9pid\u00e9mie de conjonctivite touche les \u00e9tablissements scolaires au Cameroun - L&#039;\u00e9conomie en un clic...\" \/>\n<meta property=\"og:description\" content=\"Le Ministre de la Sant\u00e9 Publique, Dr MANAOUDA Malachie, a inform\u00e9 l&rsquo;opinion publique de l&rsquo;apparition d&rsquo;une \u00e9pid\u00e9mie de conjonctivite sur\" \/>\n<meta property=\"og:url\" content=\"https:\/\/afric-eco.com\/?p=1475\" \/>\n<meta property=\"og:site_name\" content=\"L&#039;\u00e9conomie en un clic...\" \/>\n<meta property=\"article:publisher\" content=\"https:\/\/facebook.com\/afric-eco\" \/>\n<meta property=\"article:published_time\" content=\"2023-10-30T19:02:36+00:00\" \/>\n<meta property=\"article:modified_time\" content=\"2023-10-30T19:03:57+00:00\" \/>\n<meta property=\"og:image\" content=\"https:\/\/i0.wp.com\/afric-eco.com\/wp-content\/uploads\/2023\/10\/images-5.jpg?fit=266%2C190&ssl=1\" \/>\n\t<meta property=\"og:image:width\" content=\"266\" \/>\n\t<meta property=\"og:image:height\" content=\"190\" \/>\n\t<meta property=\"og:image:type\" content=\"image\/jpeg\" \/>\n<meta name=\"author\" content=\"etienne\" \/>\n<meta name=\"twitter:card\" content=\"summary_large_image\" \/>\n<meta name=\"twitter:label1\" content=\"\u00c9crit par\" \/>\n\t<meta name=\"twitter:data1\" content=\"etienne\" \/>\n\t<meta name=\"twitter:label2\" content=\"Dur\u00e9e de lecture estim\u00e9e\" \/>\n\t<meta name=\"twitter:data2\" content=\"1 minute\" \/>\n<script type=\"application\/ld+json\" class=\"yoast-schema-graph\">{\"@context\":\"https:\\\/\\\/schema.org\",\"@graph\":[{\"@type\":\"Article\",\"@id\":\"https:\\\/\\\/afric-eco.com\\\/?p=1475#article\",\"isPartOf\":{\"@id\":\"https:\\\/\\\/afric-eco.com\\\/?p=1475\"},\"author\":{\"name\":\"etienne\",\"@id\":\"https:\\\/\\\/afric-eco.com\\\/#\\\/schema\\\/person\\\/a090b66d49948c966b9a3aa2b6b7656f\"},\"headline\":\"Une \u00e9pid\u00e9mie de conjonctivite touche les \u00e9tablissements scolaires au Cameroun\",\"datePublished\":\"2023-10-30T19:02:36+00:00\",\"dateModified\":\"2023-10-30T19:03:57+00:00\",\"mainEntityOfPage\":{\"@id\":\"https:\\\/\\\/afric-eco.com\\\/?p=1475\"},\"wordCount\":306,\"commentCount\":0,\"publisher\":{\"@id\":\"https:\\\/\\\/afric-eco.com\\\/#organization\"},\"image\":{\"@id\":\"https:\\\/\\\/afric-eco.com\\\/?p=1475#primaryimage\"},\"thumbnailUrl\":\"https:\\\/\\\/i0.wp.com\\\/afric-eco.com\\\/wp-content\\\/uploads\\\/2023\\\/10\\\/images-5.jpg?fit=266%2C190&ssl=1\",\"articleSection\":[\"Sant\u00e9\"],\"inLanguage\":\"fr-FR\",\"potentialAction\":[{\"@type\":\"CommentAction\",\"name\":\"Comment\",\"target\":[\"https:\\\/\\\/afric-eco.com\\\/?p=1475#respond\"]}]},{\"@type\":\"WebPage\",\"@id\":\"https:\\\/\\\/afric-eco.com\\\/?p=1475\",\"url\":\"https:\\\/\\\/afric-eco.com\\\/?p=1475\",\"name\":\"Une \u00e9pid\u00e9mie de conjonctivite touche les \u00e9tablissements scolaires au Cameroun - L&#039;\u00e9conomie en un clic...\",\"isPartOf\":{\"@id\":\"https:\\\/\\\/afric-eco.com\\\/#website\"},\"primaryImageOfPage\":{\"@id\":\"https:\\\/\\\/afric-eco.com\\\/?p=1475#primaryimage\"},\"image\":{\"@id\":\"https:\\\/\\\/afric-eco.com\\\/?p=1475#primaryimage\"},\"thumbnailUrl\":\"https:\\\/\\\/i0.wp.com\\\/afric-eco.com\\\/wp-content\\\/uploads\\\/2023\\\/10\\\/images-5.jpg?fit=266%2C190&ssl=1\",\"datePublished\":\"2023-10-30T19:02:36+00:00\",\"dateModified\":\"2023-10-30T19:03:57+00:00\",\"breadcrumb\":{\"@id\":\"https:\\\/\\\/afric-eco.com\\\/?p=1475#breadcrumb\"},\"inLanguage\":\"fr-FR\",\"potentialAction\":[{\"@type\":\"ReadAction\",\"target\":[\"https:\\\/\\\/afric-eco.com\\\/?p=1475\"]}]},{\"@type\":\"ImageObject\",\"inLanguage\":\"fr-FR\",\"@id\":\"https:\\\/\\\/afric-eco.com\\\/?p=1475#primaryimage\",\"url\":\"https:\\\/\\\/i0.wp.com\\\/afric-eco.com\\\/wp-content\\\/uploads\\\/2023\\\/10\\\/images-5.jpg?fit=266%2C190&ssl=1\",\"contentUrl\":\"https:\\\/\\\/i0.wp.com\\\/afric-eco.com\\\/wp-content\\\/uploads\\\/2023\\\/10\\\/images-5.jpg?fit=266%2C190&ssl=1\",\"width\":266,\"height\":190},{\"@type\":\"BreadcrumbList\",\"@id\":\"https:\\\/\\\/afric-eco.com\\\/?p=1475#breadcrumb\",\"itemListElement\":[{\"@type\":\"ListItem\",\"position\":1,\"name\":\"Accueil\",\"item\":\"https:\\\/\\\/afric-eco.com\\\/\"},{\"@type\":\"ListItem\",\"position\":2,\"name\":\"Une \u00e9pid\u00e9mie de conjonctivite touche les \u00e9tablissements scolaires au Cameroun\"}]},{\"@type\":\"WebSite\",\"@id\":\"https:\\\/\\\/afric-eco.com\\\/#website\",\"url\":\"https:\\\/\\\/afric-eco.com\\\/\",\"name\":\"L'\u00e9conomie en un clic...\",\"description\":\"\",\"publisher\":{\"@id\":\"https:\\\/\\\/afric-eco.com\\\/#organization\"},\"alternateName\":\"Afric-eco\",\"potentialAction\":[{\"@type\":\"SearchAction\",\"target\":{\"@type\":\"EntryPoint\",\"urlTemplate\":\"https:\\\/\\\/afric-eco.com\\\/?s={search_term_string}\"},\"query-input\":{\"@type\":\"PropertyValueSpecification\",\"valueRequired\":true,\"valueName\":\"search_term_string\"}}],\"inLanguage\":\"fr-FR\"},{\"@type\":\"Organization\",\"@id\":\"https:\\\/\\\/afric-eco.com\\\/#organization\",\"name\":\"L'\u00e9conomie en un clic...\",\"url\":\"https:\\\/\\\/afric-eco.com\\\/\",\"logo\":{\"@type\":\"ImageObject\",\"inLanguage\":\"fr-FR\",\"@id\":\"https:\\\/\\\/afric-eco.com\\\/#\\\/schema\\\/logo\\\/image\\\/\",\"url\":\"https:\\\/\\\/i0.wp.com\\\/afric-eco.com\\\/wp-content\\\/uploads\\\/2024\\\/04\\\/cropped-download-12.jpg?fit=208%2C208&ssl=1\",\"contentUrl\":\"https:\\\/\\\/i0.wp.com\\\/afric-eco.com\\\/wp-content\\\/uploads\\\/2024\\\/04\\\/cropped-download-12.jpg?fit=208%2C208&ssl=1\",\"width\":208,\"height\":208,\"caption\":\"L'\u00e9conomie en un clic...\"},\"image\":{\"@id\":\"https:\\\/\\\/afric-eco.com\\\/#\\\/schema\\\/logo\\\/image\\\/\"},\"sameAs\":[\"https:\\\/\\\/facebook.com\\\/afric-eco\"]},{\"@type\":\"Person\",\"@id\":\"https:\\\/\\\/afric-eco.com\\\/#\\\/schema\\\/person\\\/a090b66d49948c966b9a3aa2b6b7656f\",\"name\":\"etienne\",\"image\":{\"@type\":\"ImageObject\",\"inLanguage\":\"fr-FR\",\"@id\":\"https:\\\/\\\/secure.gravatar.com\\\/avatar\\\/19265072a9840f8fa782268b5f05a3fdebea352e18b6604ec10f634dfb76760a?s=96&d=mm&r=g\",\"url\":\"https:\\\/\\\/secure.gravatar.com\\\/avatar\\\/19265072a9840f8fa782268b5f05a3fdebea352e18b6604ec10f634dfb76760a?s=96&d=mm&r=g\",\"contentUrl\":\"https:\\\/\\\/secure.gravatar.com\\\/avatar\\\/19265072a9840f8fa782268b5f05a3fdebea352e18b6604ec10f634dfb76760a?s=96&d=mm&r=g\",\"caption\":\"etienne\"},\"sameAs\":[\"http:\\\/\\\/afric-eco.com\"],\"url\":\"https:\\\/\\\/afric-eco.com\\\/?author=1\"}]}<\/script>\n<!-- \/ Yoast SEO plugin. -->","yoast_head_json":{"title":"Une \u00e9pid\u00e9mie de conjonctivite touche les \u00e9tablissements scolaires au Cameroun - L&#039;\u00e9conomie en un clic...","robots":{"index":"index","follow":"follow","max-snippet":"max-snippet:-1","max-image-preview":"max-image-preview:large","max-video-preview":"max-video-preview:-1"},"canonical":"https:\/\/afric-eco.com\/?p=1475","og_locale":"fr_FR","og_type":"article","og_title":"Une \u00e9pid\u00e9mie de conjonctivite touche les \u00e9tablissements scolaires au Cameroun - L&#039;\u00e9conomie en un clic...","og_description":"Le Ministre de la Sant\u00e9 Publique, Dr MANAOUDA Malachie, a inform\u00e9 l&rsquo;opinion publique de l&rsquo;apparition d&rsquo;une \u00e9pid\u00e9mie de conjonctivite sur","og_url":"https:\/\/afric-eco.com\/?p=1475","og_site_name":"L&#039;\u00e9conomie en un clic...","article_publisher":"https:\/\/facebook.com\/afric-eco","article_published_time":"2023-10-30T19:02:36+00:00","article_modified_time":"2023-10-30T19:03:57+00:00","og_image":[{"width":266,"height":190,"url":"https:\/\/i0.wp.com\/afric-eco.com\/wp-content\/uploads\/2023\/10\/images-5.jpg?fit=266%2C190&ssl=1","type":"image\/jpeg"}],"author":"etienne","twitter_card":"summary_large_image","twitter_misc":{"\u00c9crit par":"etienne","Dur\u00e9e de lecture estim\u00e9e":"1 minute"},"schema":{"@context":"https:\/\/schema.org","@graph":[{"@type":"Article","@id":"https:\/\/afric-eco.com\/?p=1475#article","isPartOf":{"@id":"https:\/\/afric-eco.com\/?p=1475"},"author":{"name":"etienne","@id":"https:\/\/afric-eco.com\/#\/schema\/person\/a090b66d49948c966b9a3aa2b6b7656f"},"headline":"Une \u00e9pid\u00e9mie de conjonctivite touche les \u00e9tablissements scolaires au Cameroun","datePublished":"2023-10-30T19:02:36+00:00","dateModified":"2023-10-30T19:03:57+00:00","mainEntityOfPage":{"@id":"https:\/\/afric-eco.com\/?p=1475"},"wordCount":306,"commentCount":0,"publisher":{"@id":"https:\/\/afric-eco.com\/#organization"},"image":{"@id":"https:\/\/afric-eco.com\/?p=1475#primaryimage"},"thumbnailUrl":"https:\/\/i0.wp.com\/afric-eco.com\/wp-content\/uploads\/2023\/10\/images-5.jpg?fit=266%2C190&ssl=1","articleSection":["Sant\u00e9"],"inLanguage":"fr-FR","potentialAction":[{"@type":"CommentAction","name":"Comment","target":["https:\/\/afric-eco.com\/?p=1475#respond"]}]},{"@type":"WebPage","@id":"https:\/\/afric-eco.com\/?p=1475","url":"https:\/\/afric-eco.com\/?p=1475","name":"Une \u00e9pid\u00e9mie de conjonctivite touche les \u00e9tablissements scolaires au Cameroun - L&#039;\u00e9conomie en un clic...","isPartOf":{"@id":"https:\/\/afric-eco.com\/#website"},"primaryImageOfPage":{"@id":"https:\/\/afric-eco.com\/?p=1475#primaryimage"},"image":{"@id":"https:\/\/afric-eco.com\/?p=1475#primaryimage"},"thumbnailUrl":"https:\/\/i0.wp.com\/afric-eco.com\/wp-content\/uploads\/2023\/10\/images-5.jpg?fit=266%2C190&ssl=1","datePublished":"2023-10-30T19:02:36+00:00","dateModified":"2023-10-30T19:03:57+00:00","breadcrumb":{"@id":"https:\/\/afric-eco.com\/?p=1475#breadcrumb"},"inLanguage":"fr-FR","potentialAction":[{"@type":"ReadAction","target":["https:\/\/afric-eco.com\/?p=1475"]}]},{"@type":"ImageObject","inLanguage":"fr-FR","@id":"https:\/\/afric-eco.com\/?p=1475#primaryimage","url":"https:\/\/i0.wp.com\/afric-eco.com\/wp-content\/uploads\/2023\/10\/images-5.jpg?fit=266%2C190&ssl=1","contentUrl":"https:\/\/i0.wp.com\/afric-eco.com\/wp-content\/uploads\/2023\/10\/images-5.jpg?fit=266%2C190&ssl=1","width":266,"height":190},{"@type":"BreadcrumbList","@id":"https:\/\/afric-eco.com\/?p=1475#breadcrumb","itemListElement":[{"@type":"ListItem","position":1,"name":"Accueil","item":"https:\/\/afric-eco.com\/"},{"@type":"ListItem","position":2,"name":"Une \u00e9pid\u00e9mie de conjonctivite touche les \u00e9tablissements scolaires au Cameroun"}]},{"@type":"WebSite","@id":"https:\/\/afric-eco.com\/#website","url":"https:\/\/afric-eco.com\/","name":"L'\u00e9conomie en un clic...","description":"","publisher":{"@id":"https:\/\/afric-eco.com\/#organization"},"alternateName":"Afric-eco","potentialAction":[{"@type":"SearchAction","target":{"@type":"EntryPoint","urlTemplate":"https:\/\/afric-eco.com\/?s={search_term_string}"},"query-input":{"@type":"PropertyValueSpecification","valueRequired":true,"valueName":"search_term_string"}}],"inLanguage":"fr-FR"},{"@type":"Organization","@id":"https:\/\/afric-eco.com\/#organization","name":"L'\u00e9conomie en un clic...","url":"https:\/\/afric-eco.com\/","logo":{"@type":"ImageObject","inLanguage":"fr-FR","@id":"https:\/\/afric-eco.com\/#\/schema\/logo\/image\/","url":"https:\/\/i0.wp.com\/afric-eco.com\/wp-content\/uploads\/2024\/04\/cropped-download-12.jpg?fit=208%2C208&ssl=1","contentUrl":"https:\/\/i0.wp.com\/afric-eco.com\/wp-content\/uploads\/2024\/04\/cropped-download-12.jpg?fit=208%2C208&ssl=1","width":208,"height":208,"caption":"L'\u00e9conomie en un clic..."},"image":{"@id":"https:\/\/afric-eco.com\/#\/schema\/logo\/image\/"},"sameAs":["https:\/\/facebook.com\/afric-eco"]},{"@type":"Person","@id":"https:\/\/afric-eco.com\/#\/schema\/person\/a090b66d49948c966b9a3aa2b6b7656f","name":"etienne","image":{"@type":"ImageObject","inLanguage":"fr-FR","@id":"https:\/\/secure.gravatar.com\/avatar\/19265072a9840f8fa782268b5f05a3fdebea352e18b6604ec10f634dfb76760a?s=96&d=mm&r=g","url":"https:\/\/secure.gravatar.com\/avatar\/19265072a9840f8fa782268b5f05a3fdebea352e18b6604ec10f634dfb76760a?s=96&d=mm&r=g","contentUrl":"https:\/\/secure.gravatar.com\/avatar\/19265072a9840f8fa782268b5f05a3fdebea352e18b6604ec10f634dfb76760a?s=96&d=mm&r=g","caption":"etienne"},"sameAs":["http:\/\/afric-eco.com"],"url":"https:\/\/afric-eco.com\/?author=1"}]}},"jetpack_publicize_connections":[],"jetpack_featured_media_url":"https:\/\/i0.wp.com\/afric-eco.com\/wp-content\/uploads\/2023\/10\/images-5.jpg?fit=266%2C190&ssl=1","jetpack-related-posts":[{"id":1425,"url":"https:\/\/afric-eco.com\/?p=1425","url_meta":{"origin":1475,"position":0},"title":"\u00ab\u00a0Le Cameroun intensifie sa lutte contre la polio : deuxi\u00e8me tour de campagne de vaccination contre la polio pour renforcer l&rsquo;immunit\u00e9 collective chez les enfants\u00a0\u00bb","author":"etienne","date":"27 octobre 2023","format":false,"excerpt":"Le Ministre de la Sant\u00e9 Publique, Dr MANAOUDA Malachie, a annonc\u00e9 que le Gouvernement camerounais organiserait du 03 au 05 novembre 2023 un deuxi\u00e8me tour de campagne de vaccination en r\u00e9ponse \u00e0 l'\u00e9pid\u00e9mie de poliovirus d\u00e9riv\u00e9 qui a \u00e9t\u00e9 confirm\u00e9e dans la R\u00e9gion du Centre en juin 2023. Cette campagne\u2026","rel":"","context":"Dans &quot;Sant\u00e9&quot;","block_context":{"text":"Sant\u00e9","link":"https:\/\/afric-eco.com\/?cat=15"},"img":{"alt_text":"","src":"https:\/\/i0.wp.com\/afric-eco.com\/wp-content\/uploads\/2023\/10\/Une-campagne-de-vaccination.jpg.webp?fit=1024%2C681&ssl=1&resize=350%2C200","width":350,"height":200,"srcset":"https:\/\/i0.wp.com\/afric-eco.com\/wp-content\/uploads\/2023\/10\/Une-campagne-de-vaccination.jpg.webp?fit=1024%2C681&ssl=1&resize=350%2C200 1x, https:\/\/i0.wp.com\/afric-eco.com\/wp-content\/uploads\/2023\/10\/Une-campagne-de-vaccination.jpg.webp?fit=1024%2C681&ssl=1&resize=525%2C300 1.5x, https:\/\/i0.wp.com\/afric-eco.com\/wp-content\/uploads\/2023\/10\/Une-campagne-de-vaccination.jpg.webp?fit=1024%2C681&ssl=1&resize=700%2C400 2x"},"classes":[]},{"id":3487,"url":"https:\/\/afric-eco.com\/?p=3487","url_meta":{"origin":1475,"position":1},"title":"SANT\u00c9 : Campagne de vaccination \u00e0 Douala contre la fi\u00e8vre jaune.","author":"etienne","date":"27 juin 2024","format":false,"excerpt":"Urgence sanitaire en action Le Ministre de la Sant\u00e9 Publique, Dr MANAOUDA Malachie, lance une campagne de vaccination urgente contre la fi\u00e8vre jaune \u00e0 Douala, du 24 au 30 Juillet 2024. Cette initiative fait suite \u00e0 une augmentation alarmante des cas et d\u00e9c\u00e8s depuis 2023, particuli\u00e8rement dans les districts de\u2026","rel":"","context":"Dans &quot;Sant\u00e9&quot;","block_context":{"text":"Sant\u00e9","link":"https:\/\/afric-eco.com\/?cat=15"},"img":{"alt_text":"","src":"https:\/\/i0.wp.com\/afric-eco.com\/wp-content\/uploads\/2024\/06\/Screenshot_2024-06-27-08-44-07-07_92460851df6f172a4592fca41cc2d2e6.jpg?resize=350%2C200&ssl=1","width":350,"height":200,"srcset":"https:\/\/i0.wp.com\/afric-eco.com\/wp-content\/uploads\/2024\/06\/Screenshot_2024-06-27-08-44-07-07_92460851df6f172a4592fca41cc2d2e6.jpg?resize=350%2C200&ssl=1 1x, https:\/\/i0.wp.com\/afric-eco.com\/wp-content\/uploads\/2024\/06\/Screenshot_2024-06-27-08-44-07-07_92460851df6f172a4592fca41cc2d2e6.jpg?resize=525%2C300&ssl=1 1.5x, https:\/\/i0.wp.com\/afric-eco.com\/wp-content\/uploads\/2024\/06\/Screenshot_2024-06-27-08-44-07-07_92460851df6f172a4592fca41cc2d2e6.jpg?resize=700%2C400&ssl=1 2x, https:\/\/i0.wp.com\/afric-eco.com\/wp-content\/uploads\/2024\/06\/Screenshot_2024-06-27-08-44-07-07_92460851df6f172a4592fca41cc2d2e6.jpg?resize=1050%2C600&ssl=1 3x"},"classes":[]},{"id":911,"url":"https:\/\/afric-eco.com\/?p=911","url_meta":{"origin":1475,"position":2},"title":"SANT\u00c9 : JOURN\u00c9ES LOCALES DE VACCINATION DE RIPOSTE \u00c0 L&rsquo;\u00c9PIDEMIE DE POLIOMY\u00c9LITE TOUR 1 DU 22 AU 24 SEPTEMBRE 2023 .","author":"etienne","date":"17 septembre 2023","format":false,"excerpt":"La R\u00e9gion Du Littoral Se Pr\u00e9pare . En pr\u00e9lude \u00e0 ce 1 Tour de Campagne de riposte contre la Poliomy\u00e9lite pr\u00e9vue du 22 au 24 Septembre 2023 dans 6 R\u00e9gions Camerounaises ( Centre, Littoral, Ouest, Nord-ouest , Sud , Sud-ouest.), un Briefing M\u00e9dias a \u00e9t\u00e9 organis\u00e9 par le Groupe technique\u2026","rel":"","context":"Dans &quot;Sant\u00e9&quot;","block_context":{"text":"Sant\u00e9","link":"https:\/\/afric-eco.com\/?cat=15"},"img":{"alt_text":"","src":"https:\/\/i0.wp.com\/afric-eco.com\/wp-content\/uploads\/2023\/09\/IMG-20230917-WA0110-300x132.jpg?resize=350%2C200","width":350,"height":200,"srcset":"https:\/\/i0.wp.com\/afric-eco.com\/wp-content\/uploads\/2023\/09\/IMG-20230917-WA0110-300x132.jpg?resize=350%2C200 1x, https:\/\/i0.wp.com\/afric-eco.com\/wp-content\/uploads\/2023\/09\/IMG-20230917-WA0110-300x132.jpg?resize=525%2C300 1.5x"},"classes":[]},{"id":5985,"url":"https:\/\/afric-eco.com\/?p=5985","url_meta":{"origin":1475,"position":3},"title":"LAQUINTINIE : \u00c0 DOUALA, LE POULS SANITAIRE DU CAMEROUN PASS\u00c9 AU CRIBLE","author":"etienne","date":"7 ao\u00fbt 2026","format":false,"excerpt":"IMMERSION \u2014 Urgences, r\u00e9animation, blocs op\u00e9ratoires, cath\u00e9t\u00e9risme cardiaque\u2026 Le 7 ao\u00fbt, Charles Yopndoi, nouveau D\u00e9l\u00e9gu\u00e9 r\u00e9gional de la Sant\u00e9 publique pour le Littoral, s\u2019est plong\u00e9 au c\u0153ur de l\u2019H\u00f4pital Laquintinie. Une visite de terrain pour mesurer les r\u00e9alit\u00e9s d\u2019un \u00e9tablissement strat\u00e9gique, dont l\u2019influence d\u00e9passe largement les fronti\u00e8res de Douala. Au\u2026","rel":"","context":"Dans &quot;Sant\u00e9&quot;","block_context":{"text":"Sant\u00e9","link":"https:\/\/afric-eco.com\/?cat=15"},"img":{"alt_text":"","src":"https:\/\/i0.wp.com\/afric-eco.com\/wp-content\/uploads\/2026\/08\/Screenshot_2026-08-07-22-48-33-00_a23b203fd3aafc6dcb84e438dda678b6.jpg?fit=1080%2C604&ssl=1&resize=350%2C200","width":350,"height":200,"srcset":"https:\/\/i0.wp.com\/afric-eco.com\/wp-content\/uploads\/2026\/08\/Screenshot_2026-08-07-22-48-33-00_a23b203fd3aafc6dcb84e438dda678b6.jpg?fit=1080%2C604&ssl=1&resize=350%2C200 1x, https:\/\/i0.wp.com\/afric-eco.com\/wp-content\/uploads\/2026\/08\/Screenshot_2026-08-07-22-48-33-00_a23b203fd3aafc6dcb84e438dda678b6.jpg?fit=1080%2C604&ssl=1&resize=525%2C300 1.5x, https:\/\/i0.wp.com\/afric-eco.com\/wp-content\/uploads\/2026\/08\/Screenshot_2026-08-07-22-48-33-00_a23b203fd3aafc6dcb84e438dda678b6.jpg?fit=1080%2C604&ssl=1&resize=700%2C400 2x, https:\/\/i0.wp.com\/afric-eco.com\/wp-content\/uploads\/2026\/08\/Screenshot_2026-08-07-22-48-33-00_a23b203fd3aafc6dcb84e438dda678b6.jpg?fit=1080%2C604&ssl=1&resize=1050%2C600 3x"},"classes":[]},{"id":2664,"url":"https:\/\/afric-eco.com\/?p=2664","url_meta":{"origin":1475,"position":4},"title":"SANTE\u00a0 : RENFORCEMENT DE LA STRAT\u00c9GIE NATIONALE DE VACCINATION.","author":"etienne","date":"28 mars 2024","format":false,"excerpt":"\u00a0Le Minist\u00e8re De La Sante Publique (MINSANTE) Et Le Programme Elargie De Vaccination (PEV) \u0152uvrent\u00a0 Pour Une Mise En Place Des Orientations Et Des Strat\u00e9gies Efficaces Pour Garantir Un Financement Durable De La Sant\u00e9 Au Cameroun. Les acteurs de la chaine de Protection Nationale de la Sante publique\u00a0 accompagn\u00e9s du\u2026","rel":"","context":"Dans &quot;Sant\u00e9&quot;","block_context":{"text":"Sant\u00e9","link":"https:\/\/afric-eco.com\/?cat=15"},"img":{"alt_text":"","src":"https:\/\/i0.wp.com\/afric-eco.com\/wp-content\/uploads\/2024\/03\/IMG-20240328-WA0333.jpg?fit=720%2C540&ssl=1&resize=350%2C200","width":350,"height":200,"srcset":"https:\/\/i0.wp.com\/afric-eco.com\/wp-content\/uploads\/2024\/03\/IMG-20240328-WA0333.jpg?fit=720%2C540&ssl=1&resize=350%2C200 1x, https:\/\/i0.wp.com\/afric-eco.com\/wp-content\/uploads\/2024\/03\/IMG-20240328-WA0333.jpg?fit=720%2C540&ssl=1&resize=525%2C300 1.5x, https:\/\/i0.wp.com\/afric-eco.com\/wp-content\/uploads\/2024\/03\/IMG-20240328-WA0333.jpg?fit=720%2C540&ssl=1&resize=700%2C400 2x"},"classes":[]},{"id":6005,"url":"https:\/\/afric-eco.com\/?p=6005","url_meta":{"origin":1475,"position":5},"title":"Lunettes, normes, sant\u00e9 : \u00e0 Douala, le Cameroun veut changer la donne","author":"etienne","date":"20 ao\u00fbt 2026","format":false,"excerpt":"\u00c0 l\u2019occasion de son 3\u1d49 congr\u00e8s, organis\u00e9 les 19 et 20 ao\u00fbt \u00e0 Douala, l\u2019Ordre national des opticiens du Cameroun veut faire de la norme et de la qualit\u00e9 les nouveaux garde-fous d\u2019une profession appel\u00e9e \u00e0 prendre une place strat\u00e9gique dans les syst\u00e8mes de sant\u00e9 africains. \u00c0 Douala, le message\u2026","rel":"","context":"Dans &quot;Sant\u00e9&quot;","block_context":{"text":"Sant\u00e9","link":"https:\/\/afric-eco.com\/?cat=15"},"img":{"alt_text":"","src":"https:\/\/i0.wp.com\/afric-eco.com\/wp-content\/uploads\/2026\/08\/Screenshot_2026-08-20-01-42-16-93_deca60f65c681d0bc43599a3c6f91501.jpg?fit=1200%2C554&ssl=1&resize=350%2C200","width":350,"height":200,"srcset":"https:\/\/i0.wp.com\/afric-eco.com\/wp-content\/uploads\/2026\/08\/Screenshot_2026-08-20-01-42-16-93_deca60f65c681d0bc43599a3c6f91501.jpg?fit=1200%2C554&ssl=1&resize=350%2C200 1x, https:\/\/i0.wp.com\/afric-eco.com\/wp-content\/uploads\/2026\/08\/Screenshot_2026-08-20-01-42-16-93_deca60f65c681d0bc43599a3c6f91501.jpg?fit=1200%2C554&ssl=1&resize=525%2C300 1.5x, https:\/\/i0.wp.com\/afric-eco.com\/wp-content\/uploads\/2026\/08\/Screenshot_2026-08-20-01-42-16-93_deca60f65c681d0bc43599a3c6f91501.jpg?fit=1200%2C554&ssl=1&resize=700%2C400 2x, https:\/\/i0.wp.com\/afric-eco.com\/wp-content\/uploads\/2026\/08\/Screenshot_2026-08-20-01-42-16-93_deca60f65c681d0bc43599a3c6f91501.jpg?fit=1200%2C554&ssl=1&resize=1050%2C600 3x"},"classes":[]}],"jetpack_sharing_enabled":true,"_links":{"self":[{"href":"https:\/\/afric-eco.com\/index.php?rest_route=\/wp\/v2\/posts\/1475","targetHints":{"allow":["GET"]}}],"collection":[{"href":"https:\/\/afric-eco.com\/index.php?rest_route=\/wp\/v2\/posts"}],"about":[{"href":"https:\/\/afric-eco.com\/index.php?rest_route=\/wp\/v2\/types\/post"}],"author":[{"embeddable":true,"href":"https:\/\/afric-eco.com\/index.php?rest_route=\/wp\/v2\/users\/1"}],"replies":[{"embeddable":true,"href":"https:\/\/afric-eco.com\/index.php?rest_route=%2Fwp%2Fv2%2Fcomments&post=1475"}],"version-history":[{"count":3,"href":"https:\/\/afric-eco.com\/index.php?rest_route=\/wp\/v2\/posts\/1475\/revisions"}],"predecessor-version":[{"id":1480,"href":"https:\/\/afric-eco.com\/index.php?rest_route=\/wp\/v2\/posts\/1475\/revisions\/1480"}],"wp:featuredmedia":[{"embeddable":true,"href":"https:\/\/afric-eco.com\/index.php?rest_route=\/wp\/v2\/media\/1476"}],"wp:attachment":[{"href":"https:\/\/afric-eco.com\/index.php?rest_route=%2Fwp%2Fv2%2Fmedia&parent=1475"}],"wp:term":[{"taxonomy":"category","embeddable":true,"href":"https:\/\/afric-eco.com\/index.php?rest_route=%2Fwp%2Fv2%2Fcategories&post=1475"},{"taxonomy":"post_tag","embeddable":true,"href":"https:\/\/afric-eco.com\/index.php?rest_route=%2Fwp%2Fv2%2Ftags&post=1475"}],"curies":[{"name":"wp","href":"https:\/\/api.w.org\/{rel}","templated":true}]}}