{"id":1009,"date":"2023-09-25T21:00:46","date_gmt":"2023-09-25T21:00:46","guid":{"rendered":"http:\/\/afric-eco.com\/?p=1009"},"modified":"2023-09-25T21:33:36","modified_gmt":"2023-09-25T21:33:36","slug":"tragedie-cinq-deplacees-internes-trouves-mort-dans-une-chamcinq-deplacees-internes-trouves-mort-dans-une-chambre-dhotel-a-loum-dans-le-moungo","status":"publish","type":"post","link":"https:\/\/afric-eco.com\/?p=1009","title":{"rendered":"TRAGEDIE : \u00ab\u00a0Cinq d\u00e9plac\u00e9s internes trouvent la mort dans une chambre d&rsquo;h\u00f4tel \u00e0 Loum dans le Moungo\u00a0\u00bb"},"content":{"rendered":"<p>Les autorit\u00e9s locales et les forces de l&rsquo;ordre travaillent activement pour \u00e9lucider les circonstances entourant ces d\u00e9c\u00e8s. La communaut\u00e9 locale est choqu\u00e9e par cette triste nouvelle et exprime sa solidarit\u00e9 envers la famille endeuill\u00e9e.<\/p>\n<p>Selon les premi\u00e8res informations, la famille \u00e9tait compos\u00e9e d&rsquo;une m\u00e8re et de ses quatre enfants, tous d\u00e9plac\u00e9s internes de la crise anglophone. Ils vivaient dans une chambre d&rsquo;h\u00f4tel depuis seulement deux semaines. Le p\u00e8re de famille \u00e9tait absent au moment des faits, se trouvant dans un village voisin pour des activit\u00e9s agricoles.<\/p>\n<p>Les voisins ont fait la macabre d\u00e9couverte lorsqu&rsquo;ils ont constat\u00e9 que la famille ne sortait pas de sa chambre et que les enfants ne jouaient pas dans la cour comme d&rsquo;habitude. Inquiets, ils ont ouvert la fen\u00eatre de la chambre et ont d\u00e9couvert les cinq personnes allong\u00e9es sur leur lit, sans r\u00e9action. Ils ont rapidement alert\u00e9 les autorit\u00e9s et la gendarmerie est intervenue.<\/p>\n<p>Les enqu\u00eates sont actuellement en cours, supervis\u00e9es par l&rsquo;adjudant-chef Major Makongo. Les d\u00e9pouilles des victimes ont \u00e9t\u00e9 transport\u00e9es \u00e0 la morgue municipale de Loum en attendant de conna\u00eetre les causes exactes de cette trag\u00e9die.<\/p>\n<p>Cette trag\u00e9die met en \u00e9vidence l&rsquo;importance de la sensibilisation et de l&rsquo;action pour soutenir les personnes d\u00e9plac\u00e9es internes. Il est crucial que les autorit\u00e9s mettent tout en \u0153uvre pour assurer leur s\u00e9curit\u00e9 et leur bien-\u00eatre. Les d\u00e9plac\u00e9s internes cherchent refuge dans d&rsquo;autres r\u00e9gions du pays, esp\u00e9rant trouver s\u00e9curit\u00e9 et protection. Il est essentiel que les autorit\u00e9s garantissent leur acc\u00e8s \u00e0 un logement s\u00fbr et \u00e0 des conditions de vie dignes.<\/p>\n<p>Il est important que les autorit\u00e9s locales et nationales travaillent ensemble pour renforcer les mesures de s\u00e9curit\u00e9 et am\u00e9liorer les conditions de vie des d\u00e9plac\u00e9s internes. Les ressources et l&rsquo;assistance doivent \u00eatre fournies de mani\u00e8re ad\u00e9quate pour r\u00e9pondre aux besoins de ces personnes vuln\u00e9rables.<\/p>\n<p>En cette p\u00e9riode de deuil, il est crucial que la communaut\u00e9 reste unie et soutienne les familles touch\u00e9es par cette trag\u00e9die. Des actions concr\u00e8tes doivent \u00eatre prises pour pr\u00e9venir de tels \u00e9v\u00e9nements \u00e0 l&rsquo;avenir et garantir la s\u00e9curit\u00e9 et le bien-\u00eatre des d\u00e9plac\u00e9s internes au Cameroun.<br \/>\nEtienne MONTHE<\/p>\n","protected":false},"excerpt":{"rendered":"<p>Les autorit\u00e9s locales et les forces de l&rsquo;ordre travaillent activement pour \u00e9lucider les circonstances entourant ces d\u00e9c\u00e8s. La communaut\u00e9 locale<\/p>\n","protected":false},"author":1,"featured_media":1010,"comment_status":"open","ping_status":"open","sticky":false,"template":"","format":"standard","meta":{"colormag_page_container_layout":"default_layout","colormag_page_sidebar_layout":"default_layout","jetpack_post_was_ever_published":false,"_jetpack_newsletter_access":"","_jetpack_dont_email_post_to_subs":false,"_jetpack_newsletter_tier_id":0,"_jetpack_memberships_contains_paywalled_content":false,"_jetpack_memberships_contains_paid_content":false,"footnotes":"","jetpack_publicize_message":"","jetpack_publicize_feature_enabled":true,"jetpack_social_post_already_shared":false,"jetpack_social_options":{"image_generator_settings":{"template":"highway","default_image_id":0,"font":"","enabled":false},"version":2}},"categories":[13],"tags":[],"class_list":["post-1009","post","type-post","status-publish","format-standard","has-post-thumbnail","hentry","category-societe"],"yoast_head":"<!-- This site is optimized with the Yoast SEO plugin v27.4 - https:\/\/yoast.com\/product\/yoast-seo-wordpress\/ -->\n<title>TRAGEDIE : &quot;Cinq d\u00e9plac\u00e9s internes trouvent la mort dans une chambre d&#039;h\u00f4tel \u00e0 Loum dans le Moungo&quot; - L&#039;\u00e9conomie en un clic...<\/title>\n<meta name=\"robots\" content=\"index, follow, max-snippet:-1, max-image-preview:large, max-video-preview:-1\" \/>\n<link rel=\"canonical\" href=\"https:\/\/afric-eco.com\/?p=1009\" \/>\n<meta property=\"og:locale\" content=\"fr_FR\" \/>\n<meta property=\"og:type\" content=\"article\" \/>\n<meta property=\"og:title\" content=\"TRAGEDIE : &quot;Cinq d\u00e9plac\u00e9s internes trouvent la mort dans une chambre d&#039;h\u00f4tel \u00e0 Loum dans le Moungo&quot; - L&#039;\u00e9conomie en un clic...\" \/>\n<meta property=\"og:description\" content=\"Les autorit\u00e9s locales et les forces de l&rsquo;ordre travaillent activement pour \u00e9lucider les circonstances entourant ces d\u00e9c\u00e8s. La communaut\u00e9 locale\" \/>\n<meta property=\"og:url\" content=\"https:\/\/afric-eco.com\/?p=1009\" \/>\n<meta property=\"og:site_name\" content=\"L&#039;\u00e9conomie en un clic...\" \/>\n<meta property=\"article:publisher\" content=\"https:\/\/facebook.com\/afric-eco\" \/>\n<meta property=\"article:published_time\" content=\"2023-09-25T21:00:46+00:00\" \/>\n<meta property=\"article:modified_time\" content=\"2023-09-25T21:33:36+00:00\" \/>\n<meta property=\"og:image\" content=\"https:\/\/i0.wp.com\/afric-eco.com\/wp-content\/uploads\/2023\/09\/10462180.jpg?fit=556%2C414&ssl=1\" \/>\n\t<meta property=\"og:image:width\" content=\"556\" \/>\n\t<meta property=\"og:image:height\" content=\"414\" \/>\n\t<meta property=\"og:image:type\" content=\"image\/jpeg\" \/>\n<meta name=\"author\" content=\"etienne\" \/>\n<meta name=\"twitter:card\" content=\"summary_large_image\" \/>\n<meta name=\"twitter:label1\" content=\"\u00c9crit par\" \/>\n\t<meta name=\"twitter:data1\" content=\"etienne\" \/>\n\t<meta name=\"twitter:label2\" content=\"Dur\u00e9e de lecture estim\u00e9e\" \/>\n\t<meta name=\"twitter:data2\" content=\"2 minutes\" \/>\n<script type=\"application\/ld+json\" class=\"yoast-schema-graph\">{\"@context\":\"https:\\\/\\\/schema.org\",\"@graph\":[{\"@type\":\"Article\",\"@id\":\"https:\\\/\\\/afric-eco.com\\\/?p=1009#article\",\"isPartOf\":{\"@id\":\"https:\\\/\\\/afric-eco.com\\\/?p=1009\"},\"author\":{\"name\":\"etienne\",\"@id\":\"https:\\\/\\\/afric-eco.com\\\/#\\\/schema\\\/person\\\/a090b66d49948c966b9a3aa2b6b7656f\"},\"headline\":\"TRAGEDIE : \u00ab\u00a0Cinq d\u00e9plac\u00e9s internes trouvent la mort dans une chambre d&rsquo;h\u00f4tel \u00e0 Loum dans le Moungo\u00a0\u00bb\",\"datePublished\":\"2023-09-25T21:00:46+00:00\",\"dateModified\":\"2023-09-25T21:33:36+00:00\",\"mainEntityOfPage\":{\"@id\":\"https:\\\/\\\/afric-eco.com\\\/?p=1009\"},\"wordCount\":429,\"commentCount\":0,\"publisher\":{\"@id\":\"https:\\\/\\\/afric-eco.com\\\/#organization\"},\"image\":{\"@id\":\"https:\\\/\\\/afric-eco.com\\\/?p=1009#primaryimage\"},\"thumbnailUrl\":\"https:\\\/\\\/i0.wp.com\\\/afric-eco.com\\\/wp-content\\\/uploads\\\/2023\\\/09\\\/10462180.jpg?fit=556%2C414&ssl=1\",\"articleSection\":[\"Soci\u00e9t\u00e9\"],\"inLanguage\":\"fr-FR\",\"potentialAction\":[{\"@type\":\"CommentAction\",\"name\":\"Comment\",\"target\":[\"https:\\\/\\\/afric-eco.com\\\/?p=1009#respond\"]}]},{\"@type\":\"WebPage\",\"@id\":\"https:\\\/\\\/afric-eco.com\\\/?p=1009\",\"url\":\"https:\\\/\\\/afric-eco.com\\\/?p=1009\",\"name\":\"TRAGEDIE : \\\"Cinq d\u00e9plac\u00e9s internes trouvent la mort dans une chambre d'h\u00f4tel \u00e0 Loum dans le Moungo\\\" - L&#039;\u00e9conomie en un clic...\",\"isPartOf\":{\"@id\":\"https:\\\/\\\/afric-eco.com\\\/#website\"},\"primaryImageOfPage\":{\"@id\":\"https:\\\/\\\/afric-eco.com\\\/?p=1009#primaryimage\"},\"image\":{\"@id\":\"https:\\\/\\\/afric-eco.com\\\/?p=1009#primaryimage\"},\"thumbnailUrl\":\"https:\\\/\\\/i0.wp.com\\\/afric-eco.com\\\/wp-content\\\/uploads\\\/2023\\\/09\\\/10462180.jpg?fit=556%2C414&ssl=1\",\"datePublished\":\"2023-09-25T21:00:46+00:00\",\"dateModified\":\"2023-09-25T21:33:36+00:00\",\"breadcrumb\":{\"@id\":\"https:\\\/\\\/afric-eco.com\\\/?p=1009#breadcrumb\"},\"inLanguage\":\"fr-FR\",\"potentialAction\":[{\"@type\":\"ReadAction\",\"target\":[\"https:\\\/\\\/afric-eco.com\\\/?p=1009\"]}]},{\"@type\":\"ImageObject\",\"inLanguage\":\"fr-FR\",\"@id\":\"https:\\\/\\\/afric-eco.com\\\/?p=1009#primaryimage\",\"url\":\"https:\\\/\\\/i0.wp.com\\\/afric-eco.com\\\/wp-content\\\/uploads\\\/2023\\\/09\\\/10462180.jpg?fit=556%2C414&ssl=1\",\"contentUrl\":\"https:\\\/\\\/i0.wp.com\\\/afric-eco.com\\\/wp-content\\\/uploads\\\/2023\\\/09\\\/10462180.jpg?fit=556%2C414&ssl=1\",\"width\":556,\"height\":414},{\"@type\":\"BreadcrumbList\",\"@id\":\"https:\\\/\\\/afric-eco.com\\\/?p=1009#breadcrumb\",\"itemListElement\":[{\"@type\":\"ListItem\",\"position\":1,\"name\":\"Accueil\",\"item\":\"https:\\\/\\\/afric-eco.com\\\/\"},{\"@type\":\"ListItem\",\"position\":2,\"name\":\"TRAGEDIE : &#8220;Cinq d\u00e9plac\u00e9s internes trouvent la mort dans une chambre d&#8217;h\u00f4tel \u00e0 Loum dans le Moungo&#8221;\"}]},{\"@type\":\"WebSite\",\"@id\":\"https:\\\/\\\/afric-eco.com\\\/#website\",\"url\":\"https:\\\/\\\/afric-eco.com\\\/\",\"name\":\"L'\u00e9conomie en un clic...\",\"description\":\"\",\"publisher\":{\"@id\":\"https:\\\/\\\/afric-eco.com\\\/#organization\"},\"alternateName\":\"Afric-eco\",\"potentialAction\":[{\"@type\":\"SearchAction\",\"target\":{\"@type\":\"EntryPoint\",\"urlTemplate\":\"https:\\\/\\\/afric-eco.com\\\/?s={search_term_string}\"},\"query-input\":{\"@type\":\"PropertyValueSpecification\",\"valueRequired\":true,\"valueName\":\"search_term_string\"}}],\"inLanguage\":\"fr-FR\"},{\"@type\":\"Organization\",\"@id\":\"https:\\\/\\\/afric-eco.com\\\/#organization\",\"name\":\"L'\u00e9conomie en un clic...\",\"url\":\"https:\\\/\\\/afric-eco.com\\\/\",\"logo\":{\"@type\":\"ImageObject\",\"inLanguage\":\"fr-FR\",\"@id\":\"https:\\\/\\\/afric-eco.com\\\/#\\\/schema\\\/logo\\\/image\\\/\",\"url\":\"https:\\\/\\\/i0.wp.com\\\/afric-eco.com\\\/wp-content\\\/uploads\\\/2024\\\/04\\\/cropped-download-12.jpg?fit=208%2C208&ssl=1\",\"contentUrl\":\"https:\\\/\\\/i0.wp.com\\\/afric-eco.com\\\/wp-content\\\/uploads\\\/2024\\\/04\\\/cropped-download-12.jpg?fit=208%2C208&ssl=1\",\"width\":208,\"height\":208,\"caption\":\"L'\u00e9conomie en un clic...\"},\"image\":{\"@id\":\"https:\\\/\\\/afric-eco.com\\\/#\\\/schema\\\/logo\\\/image\\\/\"},\"sameAs\":[\"https:\\\/\\\/facebook.com\\\/afric-eco\"]},{\"@type\":\"Person\",\"@id\":\"https:\\\/\\\/afric-eco.com\\\/#\\\/schema\\\/person\\\/a090b66d49948c966b9a3aa2b6b7656f\",\"name\":\"etienne\",\"image\":{\"@type\":\"ImageObject\",\"inLanguage\":\"fr-FR\",\"@id\":\"https:\\\/\\\/secure.gravatar.com\\\/avatar\\\/19265072a9840f8fa782268b5f05a3fdebea352e18b6604ec10f634dfb76760a?s=96&d=mm&r=g\",\"url\":\"https:\\\/\\\/secure.gravatar.com\\\/avatar\\\/19265072a9840f8fa782268b5f05a3fdebea352e18b6604ec10f634dfb76760a?s=96&d=mm&r=g\",\"contentUrl\":\"https:\\\/\\\/secure.gravatar.com\\\/avatar\\\/19265072a9840f8fa782268b5f05a3fdebea352e18b6604ec10f634dfb76760a?s=96&d=mm&r=g\",\"caption\":\"etienne\"},\"sameAs\":[\"http:\\\/\\\/afric-eco.com\"],\"url\":\"https:\\\/\\\/afric-eco.com\\\/?author=1\"}]}<\/script>\n<!-- \/ Yoast SEO plugin. -->","yoast_head_json":{"title":"TRAGEDIE : \"Cinq d\u00e9plac\u00e9s internes trouvent la mort dans une chambre d'h\u00f4tel \u00e0 Loum dans le Moungo\" - L&#039;\u00e9conomie en un clic...","robots":{"index":"index","follow":"follow","max-snippet":"max-snippet:-1","max-image-preview":"max-image-preview:large","max-video-preview":"max-video-preview:-1"},"canonical":"https:\/\/afric-eco.com\/?p=1009","og_locale":"fr_FR","og_type":"article","og_title":"TRAGEDIE : \"Cinq d\u00e9plac\u00e9s internes trouvent la mort dans une chambre d'h\u00f4tel \u00e0 Loum dans le Moungo\" - L&#039;\u00e9conomie en un clic...","og_description":"Les autorit\u00e9s locales et les forces de l&rsquo;ordre travaillent activement pour \u00e9lucider les circonstances entourant ces d\u00e9c\u00e8s. La communaut\u00e9 locale","og_url":"https:\/\/afric-eco.com\/?p=1009","og_site_name":"L&#039;\u00e9conomie en un clic...","article_publisher":"https:\/\/facebook.com\/afric-eco","article_published_time":"2023-09-25T21:00:46+00:00","article_modified_time":"2023-09-25T21:33:36+00:00","og_image":[{"width":556,"height":414,"url":"https:\/\/i0.wp.com\/afric-eco.com\/wp-content\/uploads\/2023\/09\/10462180.jpg?fit=556%2C414&ssl=1","type":"image\/jpeg"}],"author":"etienne","twitter_card":"summary_large_image","twitter_misc":{"\u00c9crit par":"etienne","Dur\u00e9e de lecture estim\u00e9e":"2 minutes"},"schema":{"@context":"https:\/\/schema.org","@graph":[{"@type":"Article","@id":"https:\/\/afric-eco.com\/?p=1009#article","isPartOf":{"@id":"https:\/\/afric-eco.com\/?p=1009"},"author":{"name":"etienne","@id":"https:\/\/afric-eco.com\/#\/schema\/person\/a090b66d49948c966b9a3aa2b6b7656f"},"headline":"TRAGEDIE : \u00ab\u00a0Cinq d\u00e9plac\u00e9s internes trouvent la mort dans une chambre d&rsquo;h\u00f4tel \u00e0 Loum dans le Moungo\u00a0\u00bb","datePublished":"2023-09-25T21:00:46+00:00","dateModified":"2023-09-25T21:33:36+00:00","mainEntityOfPage":{"@id":"https:\/\/afric-eco.com\/?p=1009"},"wordCount":429,"commentCount":0,"publisher":{"@id":"https:\/\/afric-eco.com\/#organization"},"image":{"@id":"https:\/\/afric-eco.com\/?p=1009#primaryimage"},"thumbnailUrl":"https:\/\/i0.wp.com\/afric-eco.com\/wp-content\/uploads\/2023\/09\/10462180.jpg?fit=556%2C414&ssl=1","articleSection":["Soci\u00e9t\u00e9"],"inLanguage":"fr-FR","potentialAction":[{"@type":"CommentAction","name":"Comment","target":["https:\/\/afric-eco.com\/?p=1009#respond"]}]},{"@type":"WebPage","@id":"https:\/\/afric-eco.com\/?p=1009","url":"https:\/\/afric-eco.com\/?p=1009","name":"TRAGEDIE : \"Cinq d\u00e9plac\u00e9s internes trouvent la mort dans une chambre d'h\u00f4tel \u00e0 Loum dans le Moungo\" - L&#039;\u00e9conomie en un clic...","isPartOf":{"@id":"https:\/\/afric-eco.com\/#website"},"primaryImageOfPage":{"@id":"https:\/\/afric-eco.com\/?p=1009#primaryimage"},"image":{"@id":"https:\/\/afric-eco.com\/?p=1009#primaryimage"},"thumbnailUrl":"https:\/\/i0.wp.com\/afric-eco.com\/wp-content\/uploads\/2023\/09\/10462180.jpg?fit=556%2C414&ssl=1","datePublished":"2023-09-25T21:00:46+00:00","dateModified":"2023-09-25T21:33:36+00:00","breadcrumb":{"@id":"https:\/\/afric-eco.com\/?p=1009#breadcrumb"},"inLanguage":"fr-FR","potentialAction":[{"@type":"ReadAction","target":["https:\/\/afric-eco.com\/?p=1009"]}]},{"@type":"ImageObject","inLanguage":"fr-FR","@id":"https:\/\/afric-eco.com\/?p=1009#primaryimage","url":"https:\/\/i0.wp.com\/afric-eco.com\/wp-content\/uploads\/2023\/09\/10462180.jpg?fit=556%2C414&ssl=1","contentUrl":"https:\/\/i0.wp.com\/afric-eco.com\/wp-content\/uploads\/2023\/09\/10462180.jpg?fit=556%2C414&ssl=1","width":556,"height":414},{"@type":"BreadcrumbList","@id":"https:\/\/afric-eco.com\/?p=1009#breadcrumb","itemListElement":[{"@type":"ListItem","position":1,"name":"Accueil","item":"https:\/\/afric-eco.com\/"},{"@type":"ListItem","position":2,"name":"TRAGEDIE : &#8220;Cinq d\u00e9plac\u00e9s internes trouvent la mort dans une chambre d&#8217;h\u00f4tel \u00e0 Loum dans le Moungo&#8221;"}]},{"@type":"WebSite","@id":"https:\/\/afric-eco.com\/#website","url":"https:\/\/afric-eco.com\/","name":"L'\u00e9conomie en un clic...","description":"","publisher":{"@id":"https:\/\/afric-eco.com\/#organization"},"alternateName":"Afric-eco","potentialAction":[{"@type":"SearchAction","target":{"@type":"EntryPoint","urlTemplate":"https:\/\/afric-eco.com\/?s={search_term_string}"},"query-input":{"@type":"PropertyValueSpecification","valueRequired":true,"valueName":"search_term_string"}}],"inLanguage":"fr-FR"},{"@type":"Organization","@id":"https:\/\/afric-eco.com\/#organization","name":"L'\u00e9conomie en un clic...","url":"https:\/\/afric-eco.com\/","logo":{"@type":"ImageObject","inLanguage":"fr-FR","@id":"https:\/\/afric-eco.com\/#\/schema\/logo\/image\/","url":"https:\/\/i0.wp.com\/afric-eco.com\/wp-content\/uploads\/2024\/04\/cropped-download-12.jpg?fit=208%2C208&ssl=1","contentUrl":"https:\/\/i0.wp.com\/afric-eco.com\/wp-content\/uploads\/2024\/04\/cropped-download-12.jpg?fit=208%2C208&ssl=1","width":208,"height":208,"caption":"L'\u00e9conomie en un clic..."},"image":{"@id":"https:\/\/afric-eco.com\/#\/schema\/logo\/image\/"},"sameAs":["https:\/\/facebook.com\/afric-eco"]},{"@type":"Person","@id":"https:\/\/afric-eco.com\/#\/schema\/person\/a090b66d49948c966b9a3aa2b6b7656f","name":"etienne","image":{"@type":"ImageObject","inLanguage":"fr-FR","@id":"https:\/\/secure.gravatar.com\/avatar\/19265072a9840f8fa782268b5f05a3fdebea352e18b6604ec10f634dfb76760a?s=96&d=mm&r=g","url":"https:\/\/secure.gravatar.com\/avatar\/19265072a9840f8fa782268b5f05a3fdebea352e18b6604ec10f634dfb76760a?s=96&d=mm&r=g","contentUrl":"https:\/\/secure.gravatar.com\/avatar\/19265072a9840f8fa782268b5f05a3fdebea352e18b6604ec10f634dfb76760a?s=96&d=mm&r=g","caption":"etienne"},"sameAs":["http:\/\/afric-eco.com"],"url":"https:\/\/afric-eco.com\/?author=1"}]}},"jetpack_publicize_connections":[],"jetpack_featured_media_url":"https:\/\/i0.wp.com\/afric-eco.com\/wp-content\/uploads\/2023\/09\/10462180.jpg?fit=556%2C414&ssl=1","jetpack-related-posts":[{"id":1400,"url":"https:\/\/afric-eco.com\/?p=1400","url_meta":{"origin":1009,"position":0},"title":"\u00ab\u00a0Le 4e Forum international des investisseurs \u00e0 Douala : la cl\u00e9 de l&rsquo;avenir \u00e9conomique du Cameroun\u00a0\u00bb","author":"etienne","date":"27 octobre 2023","format":false,"excerpt":"Le 4e Forum international des investisseurs (F2i) s'est d\u00e9roul\u00e9 \u00e0 l'H\u00f4tel La Falaise de Douala depuis le 25 octobre 2023. Cet \u00e9v\u00e9nement pr\u00e9sid\u00e9 par Christophe EKEN, pr\u00e9sident de la Chambre de Commerce, d\u2019Industries, des Mines et de l\u2019Artisanats ( Ccima) a suscit\u00e9 une forte mobilisation de la part des collectivit\u00e9s\u2026","rel":"","context":"Dans &quot;Economie&quot;","block_context":{"text":"Economie","link":"https:\/\/afric-eco.com\/?cat=2"},"img":{"alt_text":"","src":"https:\/\/i0.wp.com\/afric-eco.com\/wp-content\/uploads\/2023\/10\/watermark_ven._27102023_102149.png?fit=1080%2C1080&ssl=1&resize=350%2C200","width":350,"height":200,"srcset":"https:\/\/i0.wp.com\/afric-eco.com\/wp-content\/uploads\/2023\/10\/watermark_ven._27102023_102149.png?fit=1080%2C1080&ssl=1&resize=350%2C200 1x, https:\/\/i0.wp.com\/afric-eco.com\/wp-content\/uploads\/2023\/10\/watermark_ven._27102023_102149.png?fit=1080%2C1080&ssl=1&resize=525%2C300 1.5x, https:\/\/i0.wp.com\/afric-eco.com\/wp-content\/uploads\/2023\/10\/watermark_ven._27102023_102149.png?fit=1080%2C1080&ssl=1&resize=700%2C400 2x, https:\/\/i0.wp.com\/afric-eco.com\/wp-content\/uploads\/2023\/10\/watermark_ven._27102023_102149.png?fit=1080%2C1080&ssl=1&resize=1050%2C600 3x"},"classes":[]},{"id":1953,"url":"https:\/\/afric-eco.com\/?p=1953","url_meta":{"origin":1009,"position":1},"title":"\u00ab\u00a0No\u00ebl en famille : le Dr. Roger MBASSA NDINE distribue des cadeaux aux enfants du personnel de la Communaut\u00e9 Urbaine de Douala\u00a0\u00bb","author":"etienne","date":"22 d\u00e9cembre 2023","format":false,"excerpt":"Le Dr. Roger MBASSA NDINE, a d\u00e9cid\u00e9 de participer \u00e0 la magie de No\u00ebl en distribuant des cadeaux aux enfants du personnel de la Communaut\u00e9 Urbaine de Douala. L'\u00e9v\u00e9nement s'est d\u00e9roul\u00e9 le 22 d\u00e9cembre 2023 \u00e0 l'esplanade de l'h\u00f4tel de ville \u00e0 Bonanjo, dans le 1er arrondissement de la ville.\u2026","rel":"","context":"Dans &quot;Soci\u00e9t\u00e9&quot;","block_context":{"text":"Soci\u00e9t\u00e9","link":"https:\/\/afric-eco.com\/?cat=13"},"img":{"alt_text":"","src":"https:\/\/i0.wp.com\/afric-eco.com\/wp-content\/uploads\/2023\/12\/watermark_ven._22122023_220641.png?fit=1080%2C1080&ssl=1&resize=350%2C200","width":350,"height":200,"srcset":"https:\/\/i0.wp.com\/afric-eco.com\/wp-content\/uploads\/2023\/12\/watermark_ven._22122023_220641.png?fit=1080%2C1080&ssl=1&resize=350%2C200 1x, https:\/\/i0.wp.com\/afric-eco.com\/wp-content\/uploads\/2023\/12\/watermark_ven._22122023_220641.png?fit=1080%2C1080&ssl=1&resize=525%2C300 1.5x, https:\/\/i0.wp.com\/afric-eco.com\/wp-content\/uploads\/2023\/12\/watermark_ven._22122023_220641.png?fit=1080%2C1080&ssl=1&resize=700%2C400 2x, https:\/\/i0.wp.com\/afric-eco.com\/wp-content\/uploads\/2023\/12\/watermark_ven._22122023_220641.png?fit=1080%2C1080&ssl=1&resize=1050%2C600 3x"},"classes":[]},{"id":778,"url":"https:\/\/afric-eco.com\/?p=778","url_meta":{"origin":1009,"position":2},"title":"SANT\u00c9 : MESSAGE URGENT .","author":"etienne","date":"7 ao\u00fbt 2023","format":false,"excerpt":"Alerte Le Chol\u00e9ra a refait surface. Chers populations, Nous vous informons avec une grande pr\u00e9occupation de la pr\u00e9sence du chol\u00e9ra dans notre communaut\u00e9. Le chol\u00e9ra est une maladie grave et potentiellement mortelle qui peut se propager rapidement. Voici ce que vous devez savoir et faire pour prot\u00e9ger votre sant\u00e9 et\u2026","rel":"","context":"Dans &quot;Sant\u00e9&quot;","block_context":{"text":"Sant\u00e9","link":"https:\/\/afric-eco.com\/?cat=15"},"img":{"alt_text":"","src":"https:\/\/i0.wp.com\/afric-eco.com\/wp-content\/uploads\/2023\/08\/IMG-20230807-WA0123.jpg?fit=720%2C1058&ssl=1&resize=350%2C200","width":350,"height":200,"srcset":"https:\/\/i0.wp.com\/afric-eco.com\/wp-content\/uploads\/2023\/08\/IMG-20230807-WA0123.jpg?fit=720%2C1058&ssl=1&resize=350%2C200 1x, https:\/\/i0.wp.com\/afric-eco.com\/wp-content\/uploads\/2023\/08\/IMG-20230807-WA0123.jpg?fit=720%2C1058&ssl=1&resize=525%2C300 1.5x, https:\/\/i0.wp.com\/afric-eco.com\/wp-content\/uploads\/2023\/08\/IMG-20230807-WA0123.jpg?fit=720%2C1058&ssl=1&resize=700%2C400 2x"},"classes":[]},{"id":6046,"url":"https:\/\/afric-eco.com\/?p=6046","url_meta":{"origin":1009,"position":3},"title":"KRIBI : le PAK fait de la rentr\u00e9e un moment de solidarit\u00e9 pour les enfants de ses collaborateurs disparus","author":"etienne","date":"27 ao\u00fbt 2026","format":false,"excerpt":"Des cartables pr\u00eats pour la rentr\u00e9e, des visages souriants et une \u00e9motion palpable. Jeudi 27 Ao\u00fbt 2027, l\u2019esplanade de l\u2019Annexe 1 du Port autonome de Kribi (PAK) a accueilli plus d\u2019une cinquantaine d\u2019enfants \u00e0 l\u2019occasion d\u2019une c\u00e9r\u00e9monie pas tout \u00e0 fait comme les autres : la remise solennelle de kits\u2026","rel":"","context":"Dans &quot;Economie&quot;","block_context":{"text":"Economie","link":"https:\/\/afric-eco.com\/?cat=2"},"img":{"alt_text":"","src":"https:\/\/i0.wp.com\/afric-eco.com\/wp-content\/uploads\/2026\/08\/Screenshot_2026-08-27-21-51-42-82_a23b203fd3aafc6dcb84e438dda678b6.jpg?fit=1080%2C579&ssl=1&resize=350%2C200","width":350,"height":200,"srcset":"https:\/\/i0.wp.com\/afric-eco.com\/wp-content\/uploads\/2026\/08\/Screenshot_2026-08-27-21-51-42-82_a23b203fd3aafc6dcb84e438dda678b6.jpg?fit=1080%2C579&ssl=1&resize=350%2C200 1x, https:\/\/i0.wp.com\/afric-eco.com\/wp-content\/uploads\/2026\/08\/Screenshot_2026-08-27-21-51-42-82_a23b203fd3aafc6dcb84e438dda678b6.jpg?fit=1080%2C579&ssl=1&resize=525%2C300 1.5x, https:\/\/i0.wp.com\/afric-eco.com\/wp-content\/uploads\/2026\/08\/Screenshot_2026-08-27-21-51-42-82_a23b203fd3aafc6dcb84e438dda678b6.jpg?fit=1080%2C579&ssl=1&resize=700%2C400 2x, https:\/\/i0.wp.com\/afric-eco.com\/wp-content\/uploads\/2026\/08\/Screenshot_2026-08-27-21-51-42-82_a23b203fd3aafc6dcb84e438dda678b6.jpg?fit=1080%2C579&ssl=1&resize=1050%2C600 3x"},"classes":[]},{"id":4509,"url":"https:\/\/afric-eco.com\/?p=4509","url_meta":{"origin":1009,"position":4},"title":"Douala engage une dynamique \u00e9conomique et sociale autour de la sensibilisation pr\u00e9coce \u00e0 l&rsquo;autisme","author":"etienne","date":"26 ao\u00fbt 2025","format":false,"excerpt":"Sous l\u2019impulsion du Premier magistrat de la ville, Dr. Roger Mbassa Nadine, et sous la pr\u00e9sidence \u00e9clair\u00e9e de Mme Ndom\u00e9 Moukoko L\u00e9onie, le Centre Multi Fonctionnel de Bepanda (CMB) accueille un s\u00e9minaire-atelier d\u2019envergure nationale sur le rep\u00e9rage pr\u00e9coce de l\u2019autisme et des troubles associ\u00e9s. Cet \u00e9v\u00e9nement, qui se tiendra du\u2026","rel":"","context":"Dans &quot;Sant\u00e9&quot;","block_context":{"text":"Sant\u00e9","link":"https:\/\/afric-eco.com\/?cat=15"},"img":{"alt_text":"","src":"https:\/\/i0.wp.com\/afric-eco.com\/wp-content\/uploads\/2025\/08\/Screenshot_2025-08-26-20-42-39-79_deca60f65c681d0bc43599a3c6f91501-1.jpg?fit=1200%2C677&ssl=1&resize=350%2C200","width":350,"height":200,"srcset":"https:\/\/i0.wp.com\/afric-eco.com\/wp-content\/uploads\/2025\/08\/Screenshot_2025-08-26-20-42-39-79_deca60f65c681d0bc43599a3c6f91501-1.jpg?fit=1200%2C677&ssl=1&resize=350%2C200 1x, https:\/\/i0.wp.com\/afric-eco.com\/wp-content\/uploads\/2025\/08\/Screenshot_2025-08-26-20-42-39-79_deca60f65c681d0bc43599a3c6f91501-1.jpg?fit=1200%2C677&ssl=1&resize=525%2C300 1.5x, https:\/\/i0.wp.com\/afric-eco.com\/wp-content\/uploads\/2025\/08\/Screenshot_2025-08-26-20-42-39-79_deca60f65c681d0bc43599a3c6f91501-1.jpg?fit=1200%2C677&ssl=1&resize=700%2C400 2x, https:\/\/i0.wp.com\/afric-eco.com\/wp-content\/uploads\/2025\/08\/Screenshot_2025-08-26-20-42-39-79_deca60f65c681d0bc43599a3c6f91501-1.jpg?fit=1200%2C677&ssl=1&resize=1050%2C600 3x"},"classes":[]},{"id":5184,"url":"https:\/\/afric-eco.com\/?p=5184","url_meta":{"origin":1009,"position":5},"title":"Babenga : une nouvelle \u00e8re \u00e9conomique s\u2019ouvre sous le r\u00e8gne de Sa Majest\u00e9 TOBO DIBOUNDJE Hilaire Aur\u00e9lien","author":"etienne","date":"21 mars 2026","format":false,"excerpt":"Le village de Babenga amorce un tournant d\u00e9cisif de son histoire. \u00c0 peine neuf jours apr\u00e8s sa d\u00e9signation, le 12 mars dernier, le nouveau chef traditionnel, Sa Majest\u00e9 TOBO DIBOUNDJE Hilaire Aur\u00e9lien, a tenu ce samedi 21 Mars 2026, une rencontre strat\u00e9gique avec les populations, posant les bases d\u2019une gouvernance\u2026","rel":"","context":"Dans &quot;Soci\u00e9t\u00e9&quot;","block_context":{"text":"Soci\u00e9t\u00e9","link":"https:\/\/afric-eco.com\/?cat=13"},"img":{"alt_text":"","src":"https:\/\/i0.wp.com\/afric-eco.com\/wp-content\/uploads\/2026\/03\/Screenshot_2026-03-21-23-14-28-90_42427a19113850fd668ccee6d4f57ee5-1.jpg?fit=1200%2C774&ssl=1&resize=350%2C200","width":350,"height":200,"srcset":"https:\/\/i0.wp.com\/afric-eco.com\/wp-content\/uploads\/2026\/03\/Screenshot_2026-03-21-23-14-28-90_42427a19113850fd668ccee6d4f57ee5-1.jpg?fit=1200%2C774&ssl=1&resize=350%2C200 1x, https:\/\/i0.wp.com\/afric-eco.com\/wp-content\/uploads\/2026\/03\/Screenshot_2026-03-21-23-14-28-90_42427a19113850fd668ccee6d4f57ee5-1.jpg?fit=1200%2C774&ssl=1&resize=525%2C300 1.5x, https:\/\/i0.wp.com\/afric-eco.com\/wp-content\/uploads\/2026\/03\/Screenshot_2026-03-21-23-14-28-90_42427a19113850fd668ccee6d4f57ee5-1.jpg?fit=1200%2C774&ssl=1&resize=700%2C400 2x, https:\/\/i0.wp.com\/afric-eco.com\/wp-content\/uploads\/2026\/03\/Screenshot_2026-03-21-23-14-28-90_42427a19113850fd668ccee6d4f57ee5-1.jpg?fit=1200%2C774&ssl=1&resize=1050%2C600 3x"},"classes":[]}],"jetpack_sharing_enabled":true,"_links":{"self":[{"href":"https:\/\/afric-eco.com\/index.php?rest_route=\/wp\/v2\/posts\/1009","targetHints":{"allow":["GET"]}}],"collection":[{"href":"https:\/\/afric-eco.com\/index.php?rest_route=\/wp\/v2\/posts"}],"about":[{"href":"https:\/\/afric-eco.com\/index.php?rest_route=\/wp\/v2\/types\/post"}],"author":[{"embeddable":true,"href":"https:\/\/afric-eco.com\/index.php?rest_route=\/wp\/v2\/users\/1"}],"replies":[{"embeddable":true,"href":"https:\/\/afric-eco.com\/index.php?rest_route=%2Fwp%2Fv2%2Fcomments&post=1009"}],"version-history":[{"count":9,"href":"https:\/\/afric-eco.com\/index.php?rest_route=\/wp\/v2\/posts\/1009\/revisions"}],"predecessor-version":[{"id":1021,"href":"https:\/\/afric-eco.com\/index.php?rest_route=\/wp\/v2\/posts\/1009\/revisions\/1021"}],"wp:featuredmedia":[{"embeddable":true,"href":"https:\/\/afric-eco.com\/index.php?rest_route=\/wp\/v2\/media\/1010"}],"wp:attachment":[{"href":"https:\/\/afric-eco.com\/index.php?rest_route=%2Fwp%2Fv2%2Fmedia&parent=1009"}],"wp:term":[{"taxonomy":"category","embeddable":true,"href":"https:\/\/afric-eco.com\/index.php?rest_route=%2Fwp%2Fv2%2Fcategories&post=1009"},{"taxonomy":"post_tag","embeddable":true,"href":"https:\/\/afric-eco.com\/index.php?rest_route=%2Fwp%2Fv2%2Ftags&post=1009"}],"curies":[{"name":"wp","href":"https:\/\/api.w.org\/{rel}","templated":true}]}}